{"id":104,"date":"2010-03-18T07:39:12","date_gmt":"2010-03-18T06:39:12","guid":{"rendered":"http:\/\/www.torrepali.info\/?p=104"},"modified":"2013-07-19T18:04:05","modified_gmt":"2013-07-19T17:04:05","slug":"una-visita-a-presicce-nellentroterra","status":"publish","type":"post","link":"https:\/\/www.torrepali.info\/index.php\/2010\/03\/una-visita-a-presicce-nellentroterra.html","title":{"rendered":"Una visita a Presicce, nell&#8217;entroterra."},"content":{"rendered":"<p>Se molti paesi dell&#8217;entroterra salentino nascono in epoca medievale per via della fuga massiccia delle popolazioni dalla costa infestata dalla malaria e soprattutto dalle incursioni dei saraceni e dei pirati, Presicce sorge invece a causa di una tremenda siccit\u00e0 che intorno ai primi secoli dell&#8217;era cristiana colpisce il territorio di Ugento e di Specchia, che ha provocato la fuga dei cittadini verso altri luoghi pi\u00f9 generosi di risorse idriche. Presicce venne scelta proprio per la ricchezza di falde acquifere presenti sul territorio.<\/p>\n<p><a title=\"dsc_1121\" href=\"http:\/\/www.torrepali.info\/wp-content\/uploads\/2008\/09\/dsc_1121.jpg\" rel=\"lightbox[pics67]\"><img loading=\"lazy\" decoding=\"async\" class=\"attachment wp-att-68 alignleft\" alt=\"dsc_1121\" src=\"http:\/\/www.torrepali.info\/wp-content\/uploads\/2008\/09\/dsc_1121.thumbnail.jpg\" width=\"200\" height=\"133\" \/><\/a><\/p>\n<p>Il paese si trova ad appena 8 chilometri dalle marine di Ugento e di Salve, e quindi rappresenta un&#8217;ottima soluzione per chi, deliziatosi del mare e delle meravigliose spiagge della costa vuole un giorno concedersi una bella visita nell&#8217;entroterra.<\/p>\n<p>Da vedere a Presicce sia il centro storico, con le caratteristiche case a corte, una delle architetture tipiche dell&#8217;area salentina, numerose chiese e palazzi ed i frantoi ipogei, quei luoghi ricavati scavando nel suolo e nella roccia dove un tempo venivano lavorate le olive per la produzione dell&#8217;olio, che nel territorio di Presicce sono particolarmente numerosi, ed alcuni anche molto antichi.<\/p>\n<p>Tra i monumenti religiosi la Chiesa Madre, dedicata a S. Andrea, dalla bella facciata elegantemente ornata di volute barocche, e la cripta di San Mauro, che pur essendo in parte diroccata mantiene intatti alcuni interessanti affreschi del tredicesimo secolo.<\/p>\n<p>Interessante anche il Castello probabilmente costruito su una fortificazione pi\u00f9 antica, che pi\u00f9 che fortilizio appare come dimora signorile, ed oggi \u00e8 sede dell&#8217;interessante Museo della civilt\u00e0 Contadina.<\/p>\n","protected":false},"excerpt":{"rendered":"<p>Se molti paesi dell&#8217;entroterra salentino nascono in epoca medievale per via della fuga massiccia delle popolazioni dalla costa infestata dalla malaria e soprattutto dalle incursioni dei saraceni e dei pirati, Presicce sorge invece a causa di una tremenda siccit\u00e0 che intorno ai primi secoli dell&#8217;era cristiana colpisce il territorio di Ugento e di Specchia, che [&hellip;]<\/p>\n","protected":false},"author":2,"featured_media":0,"comment_status":"open","ping_status":"closed","sticky":false,"template":"","format":"standard","meta":{"footnotes":""},"categories":[1],"tags":[22,5,93],"class_list":["post-104","post","type-post","status-publish","format-standard","hentry","category-salento","tag-il-salento","tag-marina-di-salve","tag-salve"],"blocksy_meta":[],"yoast_head":"<!-- This site is optimized with the Yoast SEO plugin v26.2 - https:\/\/yoast.com\/wordpress\/plugins\/seo\/ -->\n<title>Una visita a Presicce, nell&#039;entroterra.<\/title>\n<meta name=\"description\" content=\"Il paese si trova ad appena 8 chilometri dalle marine di Ugento e di Salve, un&#039;ottima soluzione per chi vuole visitare l&#039;entroterra.\" \/>\n<meta name=\"robots\" content=\"index, follow, max-snippet:-1, max-image-preview:large, max-video-preview:-1\" \/>\n<link rel=\"canonical\" href=\"https:\/\/www.torrepali.info\/index.php\/2010\/03\/una-visita-a-presicce-nellentroterra.html\" \/>\n<meta property=\"og:locale\" content=\"it_IT\" \/>\n<meta property=\"og:type\" content=\"article\" \/>\n<meta property=\"og:title\" content=\"Una visita a Presicce, nell&#039;entroterra.\" \/>\n<meta property=\"og:description\" content=\"Il paese si trova ad appena 8 chilometri dalle marine di Ugento e di Salve, un&#039;ottima soluzione per chi vuole visitare l&#039;entroterra.\" \/>\n<meta property=\"og:url\" content=\"https:\/\/www.torrepali.info\/index.php\/2010\/03\/una-visita-a-presicce-nellentroterra.html\" \/>\n<meta property=\"og:site_name\" content=\"Torre Pali Marina di Salve\" \/>\n<meta property=\"article:published_time\" content=\"2010-03-18T06:39:12+00:00\" \/>\n<meta property=\"article:modified_time\" content=\"2013-07-19T17:04:05+00:00\" \/>\n<meta property=\"og:image\" content=\"http:\/\/www.torrepali.info\/wp-content\/uploads\/2008\/09\/dsc_1121.thumbnail.jpg\" \/>\n<meta name=\"author\" content=\"annamaria\" \/>\n<meta name=\"twitter:card\" content=\"summary_large_image\" \/>\n<meta name=\"twitter:creator\" content=\"@rOTIBfGWSg\" \/>\n<meta name=\"twitter:label1\" content=\"Scritto da\" \/>\n\t<meta name=\"twitter:data1\" content=\"annamaria\" \/>\n\t<meta name=\"twitter:label2\" content=\"Tempo di lettura stimato\" \/>\n\t<meta name=\"twitter:data2\" content=\"1 minuto\" \/>\n<script type=\"application\/ld+json\" class=\"yoast-schema-graph\">{\"@context\":\"https:\/\/schema.org\",\"@graph\":[{\"@type\":\"Article\",\"@id\":\"https:\/\/www.torrepali.info\/index.php\/2010\/03\/una-visita-a-presicce-nellentroterra.html#article\",\"isPartOf\":{\"@id\":\"https:\/\/www.torrepali.info\/index.php\/2010\/03\/una-visita-a-presicce-nellentroterra.html\"},\"author\":{\"name\":\"annamaria\",\"@id\":\"https:\/\/www.torrepali.info\/#\/schema\/person\/2f8608c8411e136f23582a51bc4b1ea8\"},\"headline\":\"Una visita a Presicce, nell&#8217;entroterra.\",\"datePublished\":\"2010-03-18T06:39:12+00:00\",\"dateModified\":\"2013-07-19T17:04:05+00:00\",\"mainEntityOfPage\":{\"@id\":\"https:\/\/www.torrepali.info\/index.php\/2010\/03\/una-visita-a-presicce-nellentroterra.html\"},\"wordCount\":260,\"commentCount\":0,\"publisher\":{\"@id\":\"https:\/\/www.torrepali.info\/#organization\"},\"image\":{\"@id\":\"https:\/\/www.torrepali.info\/index.php\/2010\/03\/una-visita-a-presicce-nellentroterra.html#primaryimage\"},\"thumbnailUrl\":\"http:\/\/www.torrepali.info\/wp-content\/uploads\/2008\/09\/dsc_1121.thumbnail.jpg\",\"keywords\":[\"IL Salento\",\"Marina di Salve\",\"Salve\"],\"articleSection\":[\"IL Salento\"],\"inLanguage\":\"it-IT\",\"potentialAction\":[{\"@type\":\"CommentAction\",\"name\":\"Comment\",\"target\":[\"https:\/\/www.torrepali.info\/index.php\/2010\/03\/una-visita-a-presicce-nellentroterra.html#respond\"]}]},{\"@type\":\"WebPage\",\"@id\":\"https:\/\/www.torrepali.info\/index.php\/2010\/03\/una-visita-a-presicce-nellentroterra.html\",\"url\":\"https:\/\/www.torrepali.info\/index.php\/2010\/03\/una-visita-a-presicce-nellentroterra.html\",\"name\":\"Una visita a Presicce, nell'entroterra.\",\"isPartOf\":{\"@id\":\"https:\/\/www.torrepali.info\/#website\"},\"primaryImageOfPage\":{\"@id\":\"https:\/\/www.torrepali.info\/index.php\/2010\/03\/una-visita-a-presicce-nellentroterra.html#primaryimage\"},\"image\":{\"@id\":\"https:\/\/www.torrepali.info\/index.php\/2010\/03\/una-visita-a-presicce-nellentroterra.html#primaryimage\"},\"thumbnailUrl\":\"http:\/\/www.torrepali.info\/wp-content\/uploads\/2008\/09\/dsc_1121.thumbnail.jpg\",\"datePublished\":\"2010-03-18T06:39:12+00:00\",\"dateModified\":\"2013-07-19T17:04:05+00:00\",\"description\":\"Il paese si trova ad appena 8 chilometri dalle marine di Ugento e di Salve, un'ottima soluzione per chi vuole visitare l'entroterra.\",\"breadcrumb\":{\"@id\":\"https:\/\/www.torrepali.info\/index.php\/2010\/03\/una-visita-a-presicce-nellentroterra.html#breadcrumb\"},\"inLanguage\":\"it-IT\",\"potentialAction\":[{\"@type\":\"ReadAction\",\"target\":[\"https:\/\/www.torrepali.info\/index.php\/2010\/03\/una-visita-a-presicce-nellentroterra.html\"]}]},{\"@type\":\"ImageObject\",\"inLanguage\":\"it-IT\",\"@id\":\"https:\/\/www.torrepali.info\/index.php\/2010\/03\/una-visita-a-presicce-nellentroterra.html#primaryimage\",\"url\":\"http:\/\/www.torrepali.info\/wp-content\/uploads\/2008\/09\/dsc_1121.thumbnail.jpg\",\"contentUrl\":\"http:\/\/www.torrepali.info\/wp-content\/uploads\/2008\/09\/dsc_1121.thumbnail.jpg\"},{\"@type\":\"BreadcrumbList\",\"@id\":\"https:\/\/www.torrepali.info\/index.php\/2010\/03\/una-visita-a-presicce-nellentroterra.html#breadcrumb\",\"itemListElement\":[{\"@type\":\"ListItem\",\"position\":1,\"name\":\"Home\",\"item\":\"https:\/\/www.torrepali.info\/\"},{\"@type\":\"ListItem\",\"position\":2,\"name\":\"Una visita a Presicce, nell&#8217;entroterra.\"}]},{\"@type\":\"WebSite\",\"@id\":\"https:\/\/www.torrepali.info\/#website\",\"url\":\"https:\/\/www.torrepali.info\/\",\"name\":\"Torre Pali Marina di Salve\",\"description\":\"Informazioni turistiche su Torre Pali\",\"publisher\":{\"@id\":\"https:\/\/www.torrepali.info\/#organization\"},\"potentialAction\":[{\"@type\":\"SearchAction\",\"target\":{\"@type\":\"EntryPoint\",\"urlTemplate\":\"https:\/\/www.torrepali.info\/?s={search_term_string}\"},\"query-input\":{\"@type\":\"PropertyValueSpecification\",\"valueRequired\":true,\"valueName\":\"search_term_string\"}}],\"inLanguage\":\"it-IT\"},{\"@type\":\"Organization\",\"@id\":\"https:\/\/www.torrepali.info\/#organization\",\"name\":\"TorrePali.info\",\"url\":\"https:\/\/www.torrepali.info\/\",\"logo\":{\"@type\":\"ImageObject\",\"inLanguage\":\"it-IT\",\"@id\":\"https:\/\/www.torrepali.info\/#\/schema\/logo\/image\/\",\"url\":\"http:\/\/www.torrepali.info\/wp-content\/uploads\/2013\/07\/torre-pali-info-testata.jpg\",\"contentUrl\":\"http:\/\/www.torrepali.info\/wp-content\/uploads\/2013\/07\/torre-pali-info-testata.jpg\",\"width\":1000,\"height\":288,\"caption\":\"TorrePali.info\"},\"image\":{\"@id\":\"https:\/\/www.torrepali.info\/#\/schema\/logo\/image\/\"}},{\"@type\":\"Person\",\"@id\":\"https:\/\/www.torrepali.info\/#\/schema\/person\/2f8608c8411e136f23582a51bc4b1ea8\",\"name\":\"annamaria\",\"sameAs\":[\"https:\/\/x.com\/rOTIBfGWSg\"]}]}<\/script>\n<!-- \/ Yoast SEO plugin. -->","yoast_head_json":{"title":"Una visita a Presicce, nell'entroterra.","description":"Il paese si trova ad appena 8 chilometri dalle marine di Ugento e di Salve, un'ottima soluzione per chi vuole visitare l'entroterra.","robots":{"index":"index","follow":"follow","max-snippet":"max-snippet:-1","max-image-preview":"max-image-preview:large","max-video-preview":"max-video-preview:-1"},"canonical":"https:\/\/www.torrepali.info\/index.php\/2010\/03\/una-visita-a-presicce-nellentroterra.html","og_locale":"it_IT","og_type":"article","og_title":"Una visita a Presicce, nell'entroterra.","og_description":"Il paese si trova ad appena 8 chilometri dalle marine di Ugento e di Salve, un'ottima soluzione per chi vuole visitare l'entroterra.","og_url":"https:\/\/www.torrepali.info\/index.php\/2010\/03\/una-visita-a-presicce-nellentroterra.html","og_site_name":"Torre Pali Marina di Salve","article_published_time":"2010-03-18T06:39:12+00:00","article_modified_time":"2013-07-19T17:04:05+00:00","og_image":[{"url":"http:\/\/www.torrepali.info\/wp-content\/uploads\/2008\/09\/dsc_1121.thumbnail.jpg","type":"","width":"","height":""}],"author":"annamaria","twitter_card":"summary_large_image","twitter_creator":"@rOTIBfGWSg","twitter_misc":{"Scritto da":"annamaria","Tempo di lettura stimato":"1 minuto"},"schema":{"@context":"https:\/\/schema.org","@graph":[{"@type":"Article","@id":"https:\/\/www.torrepali.info\/index.php\/2010\/03\/una-visita-a-presicce-nellentroterra.html#article","isPartOf":{"@id":"https:\/\/www.torrepali.info\/index.php\/2010\/03\/una-visita-a-presicce-nellentroterra.html"},"author":{"name":"annamaria","@id":"https:\/\/www.torrepali.info\/#\/schema\/person\/2f8608c8411e136f23582a51bc4b1ea8"},"headline":"Una visita a Presicce, nell&#8217;entroterra.","datePublished":"2010-03-18T06:39:12+00:00","dateModified":"2013-07-19T17:04:05+00:00","mainEntityOfPage":{"@id":"https:\/\/www.torrepali.info\/index.php\/2010\/03\/una-visita-a-presicce-nellentroterra.html"},"wordCount":260,"commentCount":0,"publisher":{"@id":"https:\/\/www.torrepali.info\/#organization"},"image":{"@id":"https:\/\/www.torrepali.info\/index.php\/2010\/03\/una-visita-a-presicce-nellentroterra.html#primaryimage"},"thumbnailUrl":"http:\/\/www.torrepali.info\/wp-content\/uploads\/2008\/09\/dsc_1121.thumbnail.jpg","keywords":["IL Salento","Marina di Salve","Salve"],"articleSection":["IL Salento"],"inLanguage":"it-IT","potentialAction":[{"@type":"CommentAction","name":"Comment","target":["https:\/\/www.torrepali.info\/index.php\/2010\/03\/una-visita-a-presicce-nellentroterra.html#respond"]}]},{"@type":"WebPage","@id":"https:\/\/www.torrepali.info\/index.php\/2010\/03\/una-visita-a-presicce-nellentroterra.html","url":"https:\/\/www.torrepali.info\/index.php\/2010\/03\/una-visita-a-presicce-nellentroterra.html","name":"Una visita a Presicce, nell'entroterra.","isPartOf":{"@id":"https:\/\/www.torrepali.info\/#website"},"primaryImageOfPage":{"@id":"https:\/\/www.torrepali.info\/index.php\/2010\/03\/una-visita-a-presicce-nellentroterra.html#primaryimage"},"image":{"@id":"https:\/\/www.torrepali.info\/index.php\/2010\/03\/una-visita-a-presicce-nellentroterra.html#primaryimage"},"thumbnailUrl":"http:\/\/www.torrepali.info\/wp-content\/uploads\/2008\/09\/dsc_1121.thumbnail.jpg","datePublished":"2010-03-18T06:39:12+00:00","dateModified":"2013-07-19T17:04:05+00:00","description":"Il paese si trova ad appena 8 chilometri dalle marine di Ugento e di Salve, un'ottima soluzione per chi vuole visitare l'entroterra.","breadcrumb":{"@id":"https:\/\/www.torrepali.info\/index.php\/2010\/03\/una-visita-a-presicce-nellentroterra.html#breadcrumb"},"inLanguage":"it-IT","potentialAction":[{"@type":"ReadAction","target":["https:\/\/www.torrepali.info\/index.php\/2010\/03\/una-visita-a-presicce-nellentroterra.html"]}]},{"@type":"ImageObject","inLanguage":"it-IT","@id":"https:\/\/www.torrepali.info\/index.php\/2010\/03\/una-visita-a-presicce-nellentroterra.html#primaryimage","url":"http:\/\/www.torrepali.info\/wp-content\/uploads\/2008\/09\/dsc_1121.thumbnail.jpg","contentUrl":"http:\/\/www.torrepali.info\/wp-content\/uploads\/2008\/09\/dsc_1121.thumbnail.jpg"},{"@type":"BreadcrumbList","@id":"https:\/\/www.torrepali.info\/index.php\/2010\/03\/una-visita-a-presicce-nellentroterra.html#breadcrumb","itemListElement":[{"@type":"ListItem","position":1,"name":"Home","item":"https:\/\/www.torrepali.info\/"},{"@type":"ListItem","position":2,"name":"Una visita a Presicce, nell&#8217;entroterra."}]},{"@type":"WebSite","@id":"https:\/\/www.torrepali.info\/#website","url":"https:\/\/www.torrepali.info\/","name":"Torre Pali Marina di Salve","description":"Informazioni turistiche su Torre Pali","publisher":{"@id":"https:\/\/www.torrepali.info\/#organization"},"potentialAction":[{"@type":"SearchAction","target":{"@type":"EntryPoint","urlTemplate":"https:\/\/www.torrepali.info\/?s={search_term_string}"},"query-input":{"@type":"PropertyValueSpecification","valueRequired":true,"valueName":"search_term_string"}}],"inLanguage":"it-IT"},{"@type":"Organization","@id":"https:\/\/www.torrepali.info\/#organization","name":"TorrePali.info","url":"https:\/\/www.torrepali.info\/","logo":{"@type":"ImageObject","inLanguage":"it-IT","@id":"https:\/\/www.torrepali.info\/#\/schema\/logo\/image\/","url":"http:\/\/www.torrepali.info\/wp-content\/uploads\/2013\/07\/torre-pali-info-testata.jpg","contentUrl":"http:\/\/www.torrepali.info\/wp-content\/uploads\/2013\/07\/torre-pali-info-testata.jpg","width":1000,"height":288,"caption":"TorrePali.info"},"image":{"@id":"https:\/\/www.torrepali.info\/#\/schema\/logo\/image\/"}},{"@type":"Person","@id":"https:\/\/www.torrepali.info\/#\/schema\/person\/2f8608c8411e136f23582a51bc4b1ea8","name":"annamaria","sameAs":["https:\/\/x.com\/rOTIBfGWSg"]}]}},"_links":{"self":[{"href":"https:\/\/www.torrepali.info\/index.php\/wp-json\/wp\/v2\/posts\/104","targetHints":{"allow":["GET"]}}],"collection":[{"href":"https:\/\/www.torrepali.info\/index.php\/wp-json\/wp\/v2\/posts"}],"about":[{"href":"https:\/\/www.torrepali.info\/index.php\/wp-json\/wp\/v2\/types\/post"}],"author":[{"embeddable":true,"href":"https:\/\/www.torrepali.info\/index.php\/wp-json\/wp\/v2\/users\/2"}],"replies":[{"embeddable":true,"href":"https:\/\/www.torrepali.info\/index.php\/wp-json\/wp\/v2\/comments?post=104"}],"version-history":[{"count":0,"href":"https:\/\/www.torrepali.info\/index.php\/wp-json\/wp\/v2\/posts\/104\/revisions"}],"wp:attachment":[{"href":"https:\/\/www.torrepali.info\/index.php\/wp-json\/wp\/v2\/media?parent=104"}],"wp:term":[{"taxonomy":"category","embeddable":true,"href":"https:\/\/www.torrepali.info\/index.php\/wp-json\/wp\/v2\/categories?post=104"},{"taxonomy":"post_tag","embeddable":true,"href":"https:\/\/www.torrepali.info\/index.php\/wp-json\/wp\/v2\/tags?post=104"}],"curies":[{"name":"wp","href":"https:\/\/api.w.org\/{rel}","templated":true}]}}