{"id":120,"date":"2011-05-28T11:03:27","date_gmt":"2011-05-28T10:03:27","guid":{"rendered":"http:\/\/www.torrepali.info\/?p=120"},"modified":"2011-05-19T18:05:25","modified_gmt":"2011-05-19T17:05:25","slug":"mese-di-giugno-a-torre-pali","status":"publish","type":"post","link":"https:\/\/www.torrepali.info\/index.php\/2011\/05\/mese-di-giugno-a-torre-pali.html","title":{"rendered":"Mese di giugno a Torre Pali"},"content":{"rendered":"<p>Perch\u00e8 non provare ad anticipare le ferie e scoprire la bellezza di una <a href=\"http:\/\/www.torrepali.info\/vacanze\/\" target=\"_blank\"><strong>vacanza nel mese di giugno a Torre Pali<\/strong><\/a>?<\/p>\n<p>Il mare in questo periodo \u00e8 gi\u00e0 bene caldo, l&#8217;ideale per lunghe nuotate, per tuffarsi e per esplorare i fondali ricchi di fauna marina. Ed anche il clima atmosferico anticipa gi\u00e0 la splendida stagione estiva: le giornate si sono allungate, ed il sole risplende praticamente per tutto il mese.<\/p>\n<p><a href=\"http:\/\/www.torrepali.info\/wp-content\/uploads\/2008\/11\/bellissimospiaggia-g.jpg\"><img loading=\"lazy\" decoding=\"async\" class=\"alignnone size-full wp-image-89\" src=\"http:\/\/www.torrepali.info\/wp-content\/uploads\/2008\/11\/bellissimospiaggia-g.jpg\" alt=\"Le spiagge della Puglia sono proprio incantevoli\" width=\"500\" height=\"333\" \/><\/a><\/p>\n<p>Non sono ancora i caldi torridi della piena estate, quindi potrebbe essere un&#8217;occasione ideale anche per i bambini o gli anziani, o per coloro che mal sopportano l&#8217;afa estiva.<\/p>\n<p>Le maggiori strutture alberghiere, le pensioni, i villaggi turistici, i bed&amp;breakfast sono gi\u00e0 funzionanti a pieno regime, ed anche per chi preferisse una sistemazione autonoma, per esempio in una casa vacanze, in una villetta o in un appartamento in affitto, a Torre Pali la scelta \u00e8 ampia.<\/p>\n<p>Anzi, si pu\u00f2 anche scoprire, con piacere, che i prezzi sono decisamente pi\u00f9 contenuti rispetto ai mesi di luglio ed agosto. A giugno poi sar\u00e0 un piacere anche concedersi qualche escursione nell&#8217;entroterra o in citt\u00e0 e paesi del sud del <strong>Salento<\/strong>, facilmente e comodamente raggiungibili da chi ha deciso di fare di Torre Pali la base delle sue vacanze a giugno.<\/p>\n","protected":false},"excerpt":{"rendered":"<p>Perch\u00e8 non provare ad anticipare le ferie e scoprire la bellezza di una vacanza nel mese di giugno a Torre Pali? Il mare in questo periodo \u00e8 gi\u00e0 bene caldo, l&#8217;ideale per lunghe nuotate, per tuffarsi e per esplorare i fondali ricchi di fauna marina. Ed anche il clima atmosferico anticipa gi\u00e0 la splendida stagione [&hellip;]<\/p>\n","protected":false},"author":2,"featured_media":0,"comment_status":"open","ping_status":"closed","sticky":false,"template":"","format":"standard","meta":{"footnotes":""},"categories":[3],"tags":[22,27,75,92],"class_list":["post-120","post","type-post","status-publish","format-standard","hentry","category-torre-pali","tag-il-salento","tag-pescoluse","tag-spiagge","tag-torre-pali"],"blocksy_meta":[],"yoast_head":"<!-- This site is optimized with the Yoast SEO plugin v26.2 - https:\/\/yoast.com\/wordpress\/plugins\/seo\/ -->\n<title>Mese di giugno a Torre Pali<\/title>\n<meta name=\"description\" content=\"Il mare in questo periodo \u00e8 gi\u00e0 bene caldo, l&#039;ideale per lunghe nuotate, per tuffarsi e per esplorare i fondali ricchi di fauna marina. Ed anche il clima atmosferico anticipa gi\u00e0 la splendida stagione estiva: le giornate si sono allungate, ed il sole risplende praticamente per tutto il mese.\" \/>\n<meta name=\"robots\" content=\"index, follow, max-snippet:-1, max-image-preview:large, max-video-preview:-1\" \/>\n<link rel=\"canonical\" href=\"https:\/\/www.torrepali.info\/index.php\/2011\/05\/mese-di-giugno-a-torre-pali.html\" \/>\n<meta property=\"og:locale\" content=\"it_IT\" \/>\n<meta property=\"og:type\" content=\"article\" \/>\n<meta property=\"og:title\" content=\"Mese di giugno a Torre Pali\" \/>\n<meta property=\"og:description\" content=\"Il mare in questo periodo \u00e8 gi\u00e0 bene caldo, l&#039;ideale per lunghe nuotate, per tuffarsi e per esplorare i fondali ricchi di fauna marina. Ed anche il clima atmosferico anticipa gi\u00e0 la splendida stagione estiva: le giornate si sono allungate, ed il sole risplende praticamente per tutto il mese.\" \/>\n<meta property=\"og:url\" content=\"https:\/\/www.torrepali.info\/index.php\/2011\/05\/mese-di-giugno-a-torre-pali.html\" \/>\n<meta property=\"og:site_name\" content=\"Torre Pali Marina di Salve\" \/>\n<meta property=\"article:published_time\" content=\"2011-05-28T10:03:27+00:00\" \/>\n<meta property=\"og:image\" content=\"http:\/\/www.torrepali.info\/wp-content\/uploads\/2008\/11\/bellissimospiaggia-g.jpg\" \/>\n<meta name=\"author\" content=\"annamaria\" \/>\n<meta name=\"twitter:card\" content=\"summary_large_image\" \/>\n<meta name=\"twitter:creator\" content=\"@rOTIBfGWSg\" \/>\n<meta name=\"twitter:label1\" content=\"Scritto da\" \/>\n\t<meta name=\"twitter:data1\" content=\"annamaria\" \/>\n\t<meta name=\"twitter:label2\" content=\"Tempo di lettura stimato\" \/>\n\t<meta name=\"twitter:data2\" content=\"1 minuto\" \/>\n<script type=\"application\/ld+json\" class=\"yoast-schema-graph\">{\"@context\":\"https:\/\/schema.org\",\"@graph\":[{\"@type\":\"Article\",\"@id\":\"https:\/\/www.torrepali.info\/index.php\/2011\/05\/mese-di-giugno-a-torre-pali.html#article\",\"isPartOf\":{\"@id\":\"https:\/\/www.torrepali.info\/index.php\/2011\/05\/mese-di-giugno-a-torre-pali.html\"},\"author\":{\"name\":\"annamaria\",\"@id\":\"https:\/\/www.torrepali.info\/#\/schema\/person\/2f8608c8411e136f23582a51bc4b1ea8\"},\"headline\":\"Mese di giugno a Torre Pali\",\"datePublished\":\"2011-05-28T10:03:27+00:00\",\"mainEntityOfPage\":{\"@id\":\"https:\/\/www.torrepali.info\/index.php\/2011\/05\/mese-di-giugno-a-torre-pali.html\"},\"wordCount\":217,\"commentCount\":0,\"publisher\":{\"@id\":\"https:\/\/www.torrepali.info\/#organization\"},\"image\":{\"@id\":\"https:\/\/www.torrepali.info\/index.php\/2011\/05\/mese-di-giugno-a-torre-pali.html#primaryimage\"},\"thumbnailUrl\":\"http:\/\/www.torrepali.info\/wp-content\/uploads\/2008\/11\/bellissimospiaggia-g.jpg\",\"keywords\":[\"IL Salento\",\"pescoluse\",\"spiagge\",\"Torre Pali\"],\"articleSection\":[\"Torre Pali\"],\"inLanguage\":\"it-IT\",\"potentialAction\":[{\"@type\":\"CommentAction\",\"name\":\"Comment\",\"target\":[\"https:\/\/www.torrepali.info\/index.php\/2011\/05\/mese-di-giugno-a-torre-pali.html#respond\"]}]},{\"@type\":\"WebPage\",\"@id\":\"https:\/\/www.torrepali.info\/index.php\/2011\/05\/mese-di-giugno-a-torre-pali.html\",\"url\":\"https:\/\/www.torrepali.info\/index.php\/2011\/05\/mese-di-giugno-a-torre-pali.html\",\"name\":\"Mese di giugno a Torre Pali\",\"isPartOf\":{\"@id\":\"https:\/\/www.torrepali.info\/#website\"},\"primaryImageOfPage\":{\"@id\":\"https:\/\/www.torrepali.info\/index.php\/2011\/05\/mese-di-giugno-a-torre-pali.html#primaryimage\"},\"image\":{\"@id\":\"https:\/\/www.torrepali.info\/index.php\/2011\/05\/mese-di-giugno-a-torre-pali.html#primaryimage\"},\"thumbnailUrl\":\"http:\/\/www.torrepali.info\/wp-content\/uploads\/2008\/11\/bellissimospiaggia-g.jpg\",\"datePublished\":\"2011-05-28T10:03:27+00:00\",\"description\":\"Il mare in questo periodo \u00e8 gi\u00e0 bene caldo, l'ideale per lunghe nuotate, per tuffarsi e per esplorare i fondali ricchi di fauna marina. Ed anche il clima atmosferico anticipa gi\u00e0 la splendida stagione estiva: le giornate si sono allungate, ed il sole risplende praticamente per tutto il mese.\",\"breadcrumb\":{\"@id\":\"https:\/\/www.torrepali.info\/index.php\/2011\/05\/mese-di-giugno-a-torre-pali.html#breadcrumb\"},\"inLanguage\":\"it-IT\",\"potentialAction\":[{\"@type\":\"ReadAction\",\"target\":[\"https:\/\/www.torrepali.info\/index.php\/2011\/05\/mese-di-giugno-a-torre-pali.html\"]}]},{\"@type\":\"ImageObject\",\"inLanguage\":\"it-IT\",\"@id\":\"https:\/\/www.torrepali.info\/index.php\/2011\/05\/mese-di-giugno-a-torre-pali.html#primaryimage\",\"url\":\"https:\/\/www.torrepali.info\/wp-content\/uploads\/2008\/11\/bellissimospiaggia-g.jpg\",\"contentUrl\":\"https:\/\/www.torrepali.info\/wp-content\/uploads\/2008\/11\/bellissimospiaggia-g.jpg\",\"width\":600,\"height\":400,\"caption\":\"Le spiagge della Puglia sono proprio incantevoli\"},{\"@type\":\"BreadcrumbList\",\"@id\":\"https:\/\/www.torrepali.info\/index.php\/2011\/05\/mese-di-giugno-a-torre-pali.html#breadcrumb\",\"itemListElement\":[{\"@type\":\"ListItem\",\"position\":1,\"name\":\"Home\",\"item\":\"https:\/\/www.torrepali.info\/\"},{\"@type\":\"ListItem\",\"position\":2,\"name\":\"Mese di giugno a Torre Pali\"}]},{\"@type\":\"WebSite\",\"@id\":\"https:\/\/www.torrepali.info\/#website\",\"url\":\"https:\/\/www.torrepali.info\/\",\"name\":\"Torre Pali Marina di Salve\",\"description\":\"Informazioni turistiche su Torre Pali\",\"publisher\":{\"@id\":\"https:\/\/www.torrepali.info\/#organization\"},\"potentialAction\":[{\"@type\":\"SearchAction\",\"target\":{\"@type\":\"EntryPoint\",\"urlTemplate\":\"https:\/\/www.torrepali.info\/?s={search_term_string}\"},\"query-input\":{\"@type\":\"PropertyValueSpecification\",\"valueRequired\":true,\"valueName\":\"search_term_string\"}}],\"inLanguage\":\"it-IT\"},{\"@type\":\"Organization\",\"@id\":\"https:\/\/www.torrepali.info\/#organization\",\"name\":\"TorrePali.info\",\"url\":\"https:\/\/www.torrepali.info\/\",\"logo\":{\"@type\":\"ImageObject\",\"inLanguage\":\"it-IT\",\"@id\":\"https:\/\/www.torrepali.info\/#\/schema\/logo\/image\/\",\"url\":\"http:\/\/www.torrepali.info\/wp-content\/uploads\/2013\/07\/torre-pali-info-testata.jpg\",\"contentUrl\":\"http:\/\/www.torrepali.info\/wp-content\/uploads\/2013\/07\/torre-pali-info-testata.jpg\",\"width\":1000,\"height\":288,\"caption\":\"TorrePali.info\"},\"image\":{\"@id\":\"https:\/\/www.torrepali.info\/#\/schema\/logo\/image\/\"}},{\"@type\":\"Person\",\"@id\":\"https:\/\/www.torrepali.info\/#\/schema\/person\/2f8608c8411e136f23582a51bc4b1ea8\",\"name\":\"annamaria\",\"sameAs\":[\"https:\/\/x.com\/rOTIBfGWSg\"]}]}<\/script>\n<!-- \/ Yoast SEO plugin. -->","yoast_head_json":{"title":"Mese di giugno a Torre Pali","description":"Il mare in questo periodo \u00e8 gi\u00e0 bene caldo, l'ideale per lunghe nuotate, per tuffarsi e per esplorare i fondali ricchi di fauna marina. Ed anche il clima atmosferico anticipa gi\u00e0 la splendida stagione estiva: le giornate si sono allungate, ed il sole risplende praticamente per tutto il mese.","robots":{"index":"index","follow":"follow","max-snippet":"max-snippet:-1","max-image-preview":"max-image-preview:large","max-video-preview":"max-video-preview:-1"},"canonical":"https:\/\/www.torrepali.info\/index.php\/2011\/05\/mese-di-giugno-a-torre-pali.html","og_locale":"it_IT","og_type":"article","og_title":"Mese di giugno a Torre Pali","og_description":"Il mare in questo periodo \u00e8 gi\u00e0 bene caldo, l'ideale per lunghe nuotate, per tuffarsi e per esplorare i fondali ricchi di fauna marina. Ed anche il clima atmosferico anticipa gi\u00e0 la splendida stagione estiva: le giornate si sono allungate, ed il sole risplende praticamente per tutto il mese.","og_url":"https:\/\/www.torrepali.info\/index.php\/2011\/05\/mese-di-giugno-a-torre-pali.html","og_site_name":"Torre Pali Marina di Salve","article_published_time":"2011-05-28T10:03:27+00:00","og_image":[{"url":"http:\/\/www.torrepali.info\/wp-content\/uploads\/2008\/11\/bellissimospiaggia-g.jpg","type":"","width":"","height":""}],"author":"annamaria","twitter_card":"summary_large_image","twitter_creator":"@rOTIBfGWSg","twitter_misc":{"Scritto da":"annamaria","Tempo di lettura stimato":"1 minuto"},"schema":{"@context":"https:\/\/schema.org","@graph":[{"@type":"Article","@id":"https:\/\/www.torrepali.info\/index.php\/2011\/05\/mese-di-giugno-a-torre-pali.html#article","isPartOf":{"@id":"https:\/\/www.torrepali.info\/index.php\/2011\/05\/mese-di-giugno-a-torre-pali.html"},"author":{"name":"annamaria","@id":"https:\/\/www.torrepali.info\/#\/schema\/person\/2f8608c8411e136f23582a51bc4b1ea8"},"headline":"Mese di giugno a Torre Pali","datePublished":"2011-05-28T10:03:27+00:00","mainEntityOfPage":{"@id":"https:\/\/www.torrepali.info\/index.php\/2011\/05\/mese-di-giugno-a-torre-pali.html"},"wordCount":217,"commentCount":0,"publisher":{"@id":"https:\/\/www.torrepali.info\/#organization"},"image":{"@id":"https:\/\/www.torrepali.info\/index.php\/2011\/05\/mese-di-giugno-a-torre-pali.html#primaryimage"},"thumbnailUrl":"http:\/\/www.torrepali.info\/wp-content\/uploads\/2008\/11\/bellissimospiaggia-g.jpg","keywords":["IL Salento","pescoluse","spiagge","Torre Pali"],"articleSection":["Torre Pali"],"inLanguage":"it-IT","potentialAction":[{"@type":"CommentAction","name":"Comment","target":["https:\/\/www.torrepali.info\/index.php\/2011\/05\/mese-di-giugno-a-torre-pali.html#respond"]}]},{"@type":"WebPage","@id":"https:\/\/www.torrepali.info\/index.php\/2011\/05\/mese-di-giugno-a-torre-pali.html","url":"https:\/\/www.torrepali.info\/index.php\/2011\/05\/mese-di-giugno-a-torre-pali.html","name":"Mese di giugno a Torre Pali","isPartOf":{"@id":"https:\/\/www.torrepali.info\/#website"},"primaryImageOfPage":{"@id":"https:\/\/www.torrepali.info\/index.php\/2011\/05\/mese-di-giugno-a-torre-pali.html#primaryimage"},"image":{"@id":"https:\/\/www.torrepali.info\/index.php\/2011\/05\/mese-di-giugno-a-torre-pali.html#primaryimage"},"thumbnailUrl":"http:\/\/www.torrepali.info\/wp-content\/uploads\/2008\/11\/bellissimospiaggia-g.jpg","datePublished":"2011-05-28T10:03:27+00:00","description":"Il mare in questo periodo \u00e8 gi\u00e0 bene caldo, l'ideale per lunghe nuotate, per tuffarsi e per esplorare i fondali ricchi di fauna marina. Ed anche il clima atmosferico anticipa gi\u00e0 la splendida stagione estiva: le giornate si sono allungate, ed il sole risplende praticamente per tutto il mese.","breadcrumb":{"@id":"https:\/\/www.torrepali.info\/index.php\/2011\/05\/mese-di-giugno-a-torre-pali.html#breadcrumb"},"inLanguage":"it-IT","potentialAction":[{"@type":"ReadAction","target":["https:\/\/www.torrepali.info\/index.php\/2011\/05\/mese-di-giugno-a-torre-pali.html"]}]},{"@type":"ImageObject","inLanguage":"it-IT","@id":"https:\/\/www.torrepali.info\/index.php\/2011\/05\/mese-di-giugno-a-torre-pali.html#primaryimage","url":"https:\/\/www.torrepali.info\/wp-content\/uploads\/2008\/11\/bellissimospiaggia-g.jpg","contentUrl":"https:\/\/www.torrepali.info\/wp-content\/uploads\/2008\/11\/bellissimospiaggia-g.jpg","width":600,"height":400,"caption":"Le spiagge della Puglia sono proprio incantevoli"},{"@type":"BreadcrumbList","@id":"https:\/\/www.torrepali.info\/index.php\/2011\/05\/mese-di-giugno-a-torre-pali.html#breadcrumb","itemListElement":[{"@type":"ListItem","position":1,"name":"Home","item":"https:\/\/www.torrepali.info\/"},{"@type":"ListItem","position":2,"name":"Mese di giugno a Torre Pali"}]},{"@type":"WebSite","@id":"https:\/\/www.torrepali.info\/#website","url":"https:\/\/www.torrepali.info\/","name":"Torre Pali Marina di Salve","description":"Informazioni turistiche su Torre Pali","publisher":{"@id":"https:\/\/www.torrepali.info\/#organization"},"potentialAction":[{"@type":"SearchAction","target":{"@type":"EntryPoint","urlTemplate":"https:\/\/www.torrepali.info\/?s={search_term_string}"},"query-input":{"@type":"PropertyValueSpecification","valueRequired":true,"valueName":"search_term_string"}}],"inLanguage":"it-IT"},{"@type":"Organization","@id":"https:\/\/www.torrepali.info\/#organization","name":"TorrePali.info","url":"https:\/\/www.torrepali.info\/","logo":{"@type":"ImageObject","inLanguage":"it-IT","@id":"https:\/\/www.torrepali.info\/#\/schema\/logo\/image\/","url":"http:\/\/www.torrepali.info\/wp-content\/uploads\/2013\/07\/torre-pali-info-testata.jpg","contentUrl":"http:\/\/www.torrepali.info\/wp-content\/uploads\/2013\/07\/torre-pali-info-testata.jpg","width":1000,"height":288,"caption":"TorrePali.info"},"image":{"@id":"https:\/\/www.torrepali.info\/#\/schema\/logo\/image\/"}},{"@type":"Person","@id":"https:\/\/www.torrepali.info\/#\/schema\/person\/2f8608c8411e136f23582a51bc4b1ea8","name":"annamaria","sameAs":["https:\/\/x.com\/rOTIBfGWSg"]}]}},"_links":{"self":[{"href":"https:\/\/www.torrepali.info\/index.php\/wp-json\/wp\/v2\/posts\/120","targetHints":{"allow":["GET"]}}],"collection":[{"href":"https:\/\/www.torrepali.info\/index.php\/wp-json\/wp\/v2\/posts"}],"about":[{"href":"https:\/\/www.torrepali.info\/index.php\/wp-json\/wp\/v2\/types\/post"}],"author":[{"embeddable":true,"href":"https:\/\/www.torrepali.info\/index.php\/wp-json\/wp\/v2\/users\/2"}],"replies":[{"embeddable":true,"href":"https:\/\/www.torrepali.info\/index.php\/wp-json\/wp\/v2\/comments?post=120"}],"version-history":[{"count":0,"href":"https:\/\/www.torrepali.info\/index.php\/wp-json\/wp\/v2\/posts\/120\/revisions"}],"wp:attachment":[{"href":"https:\/\/www.torrepali.info\/index.php\/wp-json\/wp\/v2\/media?parent=120"}],"wp:term":[{"taxonomy":"category","embeddable":true,"href":"https:\/\/www.torrepali.info\/index.php\/wp-json\/wp\/v2\/categories?post=120"},{"taxonomy":"post_tag","embeddable":true,"href":"https:\/\/www.torrepali.info\/index.php\/wp-json\/wp\/v2\/tags?post=120"}],"curies":[{"name":"wp","href":"https:\/\/api.w.org\/{rel}","templated":true}]}}