{"id":124,"date":"2012-04-18T11:40:06","date_gmt":"2012-04-18T10:40:06","guid":{"rendered":"http:\/\/www.torrepali.info\/?p=124"},"modified":"2013-07-19T16:02:23","modified_gmt":"2013-07-19T15:02:23","slug":"ponte-del-25-aprile-a-torre-pali","status":"publish","type":"post","link":"https:\/\/www.torrepali.info\/index.php\/2012\/04\/ponte-del-25-aprile-a-torre-pali.html","title":{"rendered":"Ponte del 25 aprile a Torre Pali"},"content":{"rendered":"<p align=\"justify\">\u201cAprile non ti scoprire\u201d, cos\u00ec&#8217; recita un famoso adagio che spiega in rima come il mese di aprile sia gi\u00e0 da considerare primavera ma che bisogna andar cauti e non esagerare a scoprirsi troppo, a rischio di un raffreddore o un influenza tardiva.<\/p>\n<p align=\"justify\"><a href=\"http:\/\/www.torrepali.info\/wp-content\/uploads\/2008\/11\/mare-inverno_pescoluse.jpg\"><img loading=\"lazy\" decoding=\"async\" class=\"alignnone size-full wp-image-75\" alt=\"anche d\\'inverno il mare \u00e8 splendido\" src=\"http:\/\/www.torrepali.info\/wp-content\/uploads\/2008\/11\/mare-inverno_pescoluse.jpg\" width=\"375\" height=\"281\" \/><\/a><\/p>\n<p align=\"justify\">Questo per\u00f2 \u00e8 una filastrocca che risulta pi\u00f9 appropriata per i freddi paesi del Nord Italia, ancora in ritardo rispetto al clima, perch\u00e8 invece, in molte localit\u00e0 del Sud Italia aprile si manifesta con giornate gi\u00e0 calde e piacevoli.<\/p>\n<p align=\"justify\">\n<p align=\"justify\"><strong>Torre Pali nel Salento<\/strong> \u00e8 una di queste, trovandosi all&#8217;estremo sud della costa ionica, a pochi chilometri dalla splendida <strong>Santa Maria di Leuca<\/strong> e da <strong>Gallipoli<\/strong>, distante quest&#8217;ultima non pi\u00f9 di 30 chilometri.<\/p>\n<p align=\"justify\">Il <strong>ponte del 25 aprile a Torre Pali<\/strong> potrebbe essere un&#8217;idea da non scartare, certo, l&#8217;acqua potrebbe essere ancora freddina, ed i pi\u00f9 freddolosi potrebbero non trovarsi a loro agio, ma in ogni caso la brezza del mare, il panorama della natura che si risveglia, le spiagge deserte sono uno spettacolo affascinante che difficilmente lascer\u00e0 qualcuno insoddisfatto.<\/p>\n<p align=\"justify\">E poi, si sa, l&#8217;aria del mare fa bene.<\/p>\n<p align=\"justify\">Per pernottare non dovrebbero esserci grandi problemi, ci sono diverse strutture alberghiere che restano aperte per tutto l&#8217;anno, e non \u00e8 nemmeno escluso che si possa trovare un&#8217;ottima occasione in qualche casa vacanze o appartamento in affitto, tra l&#8221;altro a prezzi molto contenuti.<\/p>\n","protected":false},"excerpt":{"rendered":"<p>\u201cAprile non ti scoprire\u201d, cos\u00ec&#8217; recita un famoso adagio che spiega in rima come il mese di aprile sia gi\u00e0 da considerare primavera ma che bisogna andar cauti e non esagerare a scoprirsi troppo, a rischio di un raffreddore o un influenza tardiva. Questo per\u00f2 \u00e8 una filastrocca che risulta pi\u00f9 appropriata per i freddi [&hellip;]<\/p>\n","protected":false},"author":2,"featured_media":0,"comment_status":"open","ping_status":"closed","sticky":false,"template":"","format":"standard","meta":{"footnotes":""},"categories":[3],"tags":[5,21,92],"class_list":["post-124","post","type-post","status-publish","format-standard","hentry","category-torre-pali","tag-marina-di-salve","tag-santa-maria-di-leuca","tag-torre-pali"],"blocksy_meta":[],"yoast_head":"<!-- This site is optimized with the Yoast SEO plugin v26.2 - https:\/\/yoast.com\/wordpress\/plugins\/seo\/ -->\n<title>Ponte del 25 aprile a Torre Pali<\/title>\n<meta name=\"description\" content=\"Il ponte del 25 aprile a Torre Pali potrebbe essere un&#039;idea da non scartare.\" \/>\n<meta name=\"robots\" content=\"index, follow, max-snippet:-1, max-image-preview:large, max-video-preview:-1\" \/>\n<link rel=\"canonical\" href=\"https:\/\/www.torrepali.info\/index.php\/2012\/04\/ponte-del-25-aprile-a-torre-pali.html\" \/>\n<meta property=\"og:locale\" content=\"it_IT\" \/>\n<meta property=\"og:type\" content=\"article\" \/>\n<meta property=\"og:title\" content=\"Ponte del 25 aprile a Torre Pali\" \/>\n<meta property=\"og:description\" content=\"Il ponte del 25 aprile a Torre Pali potrebbe essere un&#039;idea da non scartare.\" \/>\n<meta property=\"og:url\" content=\"https:\/\/www.torrepali.info\/index.php\/2012\/04\/ponte-del-25-aprile-a-torre-pali.html\" \/>\n<meta property=\"og:site_name\" content=\"Torre Pali Marina di Salve\" \/>\n<meta property=\"article:published_time\" content=\"2012-04-18T10:40:06+00:00\" \/>\n<meta property=\"article:modified_time\" content=\"2013-07-19T15:02:23+00:00\" \/>\n<meta property=\"og:image\" content=\"http:\/\/www.torrepali.info\/wp-content\/uploads\/2008\/11\/mare-inverno_pescoluse.jpg\" \/>\n<meta name=\"author\" content=\"annamaria\" \/>\n<meta name=\"twitter:card\" content=\"summary_large_image\" \/>\n<meta name=\"twitter:creator\" content=\"@rOTIBfGWSg\" \/>\n<meta name=\"twitter:label1\" content=\"Scritto da\" \/>\n\t<meta name=\"twitter:data1\" content=\"annamaria\" \/>\n\t<meta name=\"twitter:label2\" content=\"Tempo di lettura stimato\" \/>\n\t<meta name=\"twitter:data2\" content=\"1 minuto\" \/>\n<script type=\"application\/ld+json\" class=\"yoast-schema-graph\">{\"@context\":\"https:\/\/schema.org\",\"@graph\":[{\"@type\":\"Article\",\"@id\":\"https:\/\/www.torrepali.info\/index.php\/2012\/04\/ponte-del-25-aprile-a-torre-pali.html#article\",\"isPartOf\":{\"@id\":\"https:\/\/www.torrepali.info\/index.php\/2012\/04\/ponte-del-25-aprile-a-torre-pali.html\"},\"author\":{\"name\":\"annamaria\",\"@id\":\"https:\/\/www.torrepali.info\/#\/schema\/person\/2f8608c8411e136f23582a51bc4b1ea8\"},\"headline\":\"Ponte del 25 aprile a Torre Pali\",\"datePublished\":\"2012-04-18T10:40:06+00:00\",\"dateModified\":\"2013-07-19T15:02:23+00:00\",\"mainEntityOfPage\":{\"@id\":\"https:\/\/www.torrepali.info\/index.php\/2012\/04\/ponte-del-25-aprile-a-torre-pali.html\"},\"wordCount\":233,\"commentCount\":0,\"publisher\":{\"@id\":\"https:\/\/www.torrepali.info\/#organization\"},\"image\":{\"@id\":\"https:\/\/www.torrepali.info\/index.php\/2012\/04\/ponte-del-25-aprile-a-torre-pali.html#primaryimage\"},\"thumbnailUrl\":\"http:\/\/www.torrepali.info\/wp-content\/uploads\/2008\/11\/mare-inverno_pescoluse.jpg\",\"keywords\":[\"Marina di Salve\",\"Santa Maria di Leuca\",\"Torre Pali\"],\"articleSection\":[\"Torre Pali\"],\"inLanguage\":\"it-IT\",\"potentialAction\":[{\"@type\":\"CommentAction\",\"name\":\"Comment\",\"target\":[\"https:\/\/www.torrepali.info\/index.php\/2012\/04\/ponte-del-25-aprile-a-torre-pali.html#respond\"]}]},{\"@type\":\"WebPage\",\"@id\":\"https:\/\/www.torrepali.info\/index.php\/2012\/04\/ponte-del-25-aprile-a-torre-pali.html\",\"url\":\"https:\/\/www.torrepali.info\/index.php\/2012\/04\/ponte-del-25-aprile-a-torre-pali.html\",\"name\":\"Ponte del 25 aprile a Torre Pali\",\"isPartOf\":{\"@id\":\"https:\/\/www.torrepali.info\/#website\"},\"primaryImageOfPage\":{\"@id\":\"https:\/\/www.torrepali.info\/index.php\/2012\/04\/ponte-del-25-aprile-a-torre-pali.html#primaryimage\"},\"image\":{\"@id\":\"https:\/\/www.torrepali.info\/index.php\/2012\/04\/ponte-del-25-aprile-a-torre-pali.html#primaryimage\"},\"thumbnailUrl\":\"http:\/\/www.torrepali.info\/wp-content\/uploads\/2008\/11\/mare-inverno_pescoluse.jpg\",\"datePublished\":\"2012-04-18T10:40:06+00:00\",\"dateModified\":\"2013-07-19T15:02:23+00:00\",\"description\":\"Il ponte del 25 aprile a Torre Pali potrebbe essere un'idea da non scartare.\",\"breadcrumb\":{\"@id\":\"https:\/\/www.torrepali.info\/index.php\/2012\/04\/ponte-del-25-aprile-a-torre-pali.html#breadcrumb\"},\"inLanguage\":\"it-IT\",\"potentialAction\":[{\"@type\":\"ReadAction\",\"target\":[\"https:\/\/www.torrepali.info\/index.php\/2012\/04\/ponte-del-25-aprile-a-torre-pali.html\"]}]},{\"@type\":\"ImageObject\",\"inLanguage\":\"it-IT\",\"@id\":\"https:\/\/www.torrepali.info\/index.php\/2012\/04\/ponte-del-25-aprile-a-torre-pali.html#primaryimage\",\"url\":\"https:\/\/www.torrepali.info\/wp-content\/uploads\/2008\/11\/mare-inverno_pescoluse.jpg\",\"contentUrl\":\"https:\/\/www.torrepali.info\/wp-content\/uploads\/2008\/11\/mare-inverno_pescoluse.jpg\",\"width\":550,\"height\":413,\"caption\":\"anche d'inverno il mare \u00e8 splendido\"},{\"@type\":\"BreadcrumbList\",\"@id\":\"https:\/\/www.torrepali.info\/index.php\/2012\/04\/ponte-del-25-aprile-a-torre-pali.html#breadcrumb\",\"itemListElement\":[{\"@type\":\"ListItem\",\"position\":1,\"name\":\"Home\",\"item\":\"https:\/\/www.torrepali.info\/\"},{\"@type\":\"ListItem\",\"position\":2,\"name\":\"Ponte del 25 aprile a Torre Pali\"}]},{\"@type\":\"WebSite\",\"@id\":\"https:\/\/www.torrepali.info\/#website\",\"url\":\"https:\/\/www.torrepali.info\/\",\"name\":\"Torre Pali Marina di Salve\",\"description\":\"Informazioni turistiche su Torre Pali\",\"publisher\":{\"@id\":\"https:\/\/www.torrepali.info\/#organization\"},\"potentialAction\":[{\"@type\":\"SearchAction\",\"target\":{\"@type\":\"EntryPoint\",\"urlTemplate\":\"https:\/\/www.torrepali.info\/?s={search_term_string}\"},\"query-input\":{\"@type\":\"PropertyValueSpecification\",\"valueRequired\":true,\"valueName\":\"search_term_string\"}}],\"inLanguage\":\"it-IT\"},{\"@type\":\"Organization\",\"@id\":\"https:\/\/www.torrepali.info\/#organization\",\"name\":\"TorrePali.info\",\"url\":\"https:\/\/www.torrepali.info\/\",\"logo\":{\"@type\":\"ImageObject\",\"inLanguage\":\"it-IT\",\"@id\":\"https:\/\/www.torrepali.info\/#\/schema\/logo\/image\/\",\"url\":\"http:\/\/www.torrepali.info\/wp-content\/uploads\/2013\/07\/torre-pali-info-testata.jpg\",\"contentUrl\":\"http:\/\/www.torrepali.info\/wp-content\/uploads\/2013\/07\/torre-pali-info-testata.jpg\",\"width\":1000,\"height\":288,\"caption\":\"TorrePali.info\"},\"image\":{\"@id\":\"https:\/\/www.torrepali.info\/#\/schema\/logo\/image\/\"}},{\"@type\":\"Person\",\"@id\":\"https:\/\/www.torrepali.info\/#\/schema\/person\/2f8608c8411e136f23582a51bc4b1ea8\",\"name\":\"annamaria\",\"sameAs\":[\"https:\/\/x.com\/rOTIBfGWSg\"]}]}<\/script>\n<!-- \/ Yoast SEO plugin. -->","yoast_head_json":{"title":"Ponte del 25 aprile a Torre Pali","description":"Il ponte del 25 aprile a Torre Pali potrebbe essere un'idea da non scartare.","robots":{"index":"index","follow":"follow","max-snippet":"max-snippet:-1","max-image-preview":"max-image-preview:large","max-video-preview":"max-video-preview:-1"},"canonical":"https:\/\/www.torrepali.info\/index.php\/2012\/04\/ponte-del-25-aprile-a-torre-pali.html","og_locale":"it_IT","og_type":"article","og_title":"Ponte del 25 aprile a Torre Pali","og_description":"Il ponte del 25 aprile a Torre Pali potrebbe essere un'idea da non scartare.","og_url":"https:\/\/www.torrepali.info\/index.php\/2012\/04\/ponte-del-25-aprile-a-torre-pali.html","og_site_name":"Torre Pali Marina di Salve","article_published_time":"2012-04-18T10:40:06+00:00","article_modified_time":"2013-07-19T15:02:23+00:00","og_image":[{"url":"http:\/\/www.torrepali.info\/wp-content\/uploads\/2008\/11\/mare-inverno_pescoluse.jpg","type":"","width":"","height":""}],"author":"annamaria","twitter_card":"summary_large_image","twitter_creator":"@rOTIBfGWSg","twitter_misc":{"Scritto da":"annamaria","Tempo di lettura stimato":"1 minuto"},"schema":{"@context":"https:\/\/schema.org","@graph":[{"@type":"Article","@id":"https:\/\/www.torrepali.info\/index.php\/2012\/04\/ponte-del-25-aprile-a-torre-pali.html#article","isPartOf":{"@id":"https:\/\/www.torrepali.info\/index.php\/2012\/04\/ponte-del-25-aprile-a-torre-pali.html"},"author":{"name":"annamaria","@id":"https:\/\/www.torrepali.info\/#\/schema\/person\/2f8608c8411e136f23582a51bc4b1ea8"},"headline":"Ponte del 25 aprile a Torre Pali","datePublished":"2012-04-18T10:40:06+00:00","dateModified":"2013-07-19T15:02:23+00:00","mainEntityOfPage":{"@id":"https:\/\/www.torrepali.info\/index.php\/2012\/04\/ponte-del-25-aprile-a-torre-pali.html"},"wordCount":233,"commentCount":0,"publisher":{"@id":"https:\/\/www.torrepali.info\/#organization"},"image":{"@id":"https:\/\/www.torrepali.info\/index.php\/2012\/04\/ponte-del-25-aprile-a-torre-pali.html#primaryimage"},"thumbnailUrl":"http:\/\/www.torrepali.info\/wp-content\/uploads\/2008\/11\/mare-inverno_pescoluse.jpg","keywords":["Marina di Salve","Santa Maria di Leuca","Torre Pali"],"articleSection":["Torre Pali"],"inLanguage":"it-IT","potentialAction":[{"@type":"CommentAction","name":"Comment","target":["https:\/\/www.torrepali.info\/index.php\/2012\/04\/ponte-del-25-aprile-a-torre-pali.html#respond"]}]},{"@type":"WebPage","@id":"https:\/\/www.torrepali.info\/index.php\/2012\/04\/ponte-del-25-aprile-a-torre-pali.html","url":"https:\/\/www.torrepali.info\/index.php\/2012\/04\/ponte-del-25-aprile-a-torre-pali.html","name":"Ponte del 25 aprile a Torre Pali","isPartOf":{"@id":"https:\/\/www.torrepali.info\/#website"},"primaryImageOfPage":{"@id":"https:\/\/www.torrepali.info\/index.php\/2012\/04\/ponte-del-25-aprile-a-torre-pali.html#primaryimage"},"image":{"@id":"https:\/\/www.torrepali.info\/index.php\/2012\/04\/ponte-del-25-aprile-a-torre-pali.html#primaryimage"},"thumbnailUrl":"http:\/\/www.torrepali.info\/wp-content\/uploads\/2008\/11\/mare-inverno_pescoluse.jpg","datePublished":"2012-04-18T10:40:06+00:00","dateModified":"2013-07-19T15:02:23+00:00","description":"Il ponte del 25 aprile a Torre Pali potrebbe essere un'idea da non scartare.","breadcrumb":{"@id":"https:\/\/www.torrepali.info\/index.php\/2012\/04\/ponte-del-25-aprile-a-torre-pali.html#breadcrumb"},"inLanguage":"it-IT","potentialAction":[{"@type":"ReadAction","target":["https:\/\/www.torrepali.info\/index.php\/2012\/04\/ponte-del-25-aprile-a-torre-pali.html"]}]},{"@type":"ImageObject","inLanguage":"it-IT","@id":"https:\/\/www.torrepali.info\/index.php\/2012\/04\/ponte-del-25-aprile-a-torre-pali.html#primaryimage","url":"https:\/\/www.torrepali.info\/wp-content\/uploads\/2008\/11\/mare-inverno_pescoluse.jpg","contentUrl":"https:\/\/www.torrepali.info\/wp-content\/uploads\/2008\/11\/mare-inverno_pescoluse.jpg","width":550,"height":413,"caption":"anche d'inverno il mare \u00e8 splendido"},{"@type":"BreadcrumbList","@id":"https:\/\/www.torrepali.info\/index.php\/2012\/04\/ponte-del-25-aprile-a-torre-pali.html#breadcrumb","itemListElement":[{"@type":"ListItem","position":1,"name":"Home","item":"https:\/\/www.torrepali.info\/"},{"@type":"ListItem","position":2,"name":"Ponte del 25 aprile a Torre Pali"}]},{"@type":"WebSite","@id":"https:\/\/www.torrepali.info\/#website","url":"https:\/\/www.torrepali.info\/","name":"Torre Pali Marina di Salve","description":"Informazioni turistiche su Torre Pali","publisher":{"@id":"https:\/\/www.torrepali.info\/#organization"},"potentialAction":[{"@type":"SearchAction","target":{"@type":"EntryPoint","urlTemplate":"https:\/\/www.torrepali.info\/?s={search_term_string}"},"query-input":{"@type":"PropertyValueSpecification","valueRequired":true,"valueName":"search_term_string"}}],"inLanguage":"it-IT"},{"@type":"Organization","@id":"https:\/\/www.torrepali.info\/#organization","name":"TorrePali.info","url":"https:\/\/www.torrepali.info\/","logo":{"@type":"ImageObject","inLanguage":"it-IT","@id":"https:\/\/www.torrepali.info\/#\/schema\/logo\/image\/","url":"http:\/\/www.torrepali.info\/wp-content\/uploads\/2013\/07\/torre-pali-info-testata.jpg","contentUrl":"http:\/\/www.torrepali.info\/wp-content\/uploads\/2013\/07\/torre-pali-info-testata.jpg","width":1000,"height":288,"caption":"TorrePali.info"},"image":{"@id":"https:\/\/www.torrepali.info\/#\/schema\/logo\/image\/"}},{"@type":"Person","@id":"https:\/\/www.torrepali.info\/#\/schema\/person\/2f8608c8411e136f23582a51bc4b1ea8","name":"annamaria","sameAs":["https:\/\/x.com\/rOTIBfGWSg"]}]}},"_links":{"self":[{"href":"https:\/\/www.torrepali.info\/index.php\/wp-json\/wp\/v2\/posts\/124","targetHints":{"allow":["GET"]}}],"collection":[{"href":"https:\/\/www.torrepali.info\/index.php\/wp-json\/wp\/v2\/posts"}],"about":[{"href":"https:\/\/www.torrepali.info\/index.php\/wp-json\/wp\/v2\/types\/post"}],"author":[{"embeddable":true,"href":"https:\/\/www.torrepali.info\/index.php\/wp-json\/wp\/v2\/users\/2"}],"replies":[{"embeddable":true,"href":"https:\/\/www.torrepali.info\/index.php\/wp-json\/wp\/v2\/comments?post=124"}],"version-history":[{"count":0,"href":"https:\/\/www.torrepali.info\/index.php\/wp-json\/wp\/v2\/posts\/124\/revisions"}],"wp:attachment":[{"href":"https:\/\/www.torrepali.info\/index.php\/wp-json\/wp\/v2\/media?parent=124"}],"wp:term":[{"taxonomy":"category","embeddable":true,"href":"https:\/\/www.torrepali.info\/index.php\/wp-json\/wp\/v2\/categories?post=124"},{"taxonomy":"post_tag","embeddable":true,"href":"https:\/\/www.torrepali.info\/index.php\/wp-json\/wp\/v2\/tags?post=124"}],"curies":[{"name":"wp","href":"https:\/\/api.w.org\/{rel}","templated":true}]}}