{"id":157,"date":"2012-08-12T11:49:49","date_gmt":"2012-08-12T10:49:49","guid":{"rendered":"http:\/\/www.torrepali.info\/?p=157"},"modified":"2012-03-11T18:52:22","modified_gmt":"2012-03-11T17:52:22","slug":"agosto-a-torre-pali-festa-di-santantonio-e-maris-stella","status":"publish","type":"post","link":"https:\/\/www.torrepali.info\/index.php\/2012\/08\/agosto-a-torre-pali-festa-di-santantonio-e-maris-stella.html","title":{"rendered":"Agosto a Torre Pali: Festa di &#8220;Sant&#8217;Antonio e Maris Stella&#8221;"},"content":{"rendered":"<p>Percorrendo le vie del basso Salento, sulla costa ionica, \u00e8 possibile scoprire antiche tradizioni popolari, manifestazioni e rievocazioni storiche che rendono unico e indimenticabile questo periodo dell&#8217;anno. Per secoli, il Salento ha dedicato ai santi a Dio e alla Madonna centinaia di cappelle, ricchi monasteri e cattedrali, chiostri, edicole sacre e chiese suggestive. Oggi, solenni processioni, gare di fuochi pirotecnici, stand gastronomici si alternano per le strade e le piazze dei comuni pugliesi per regalare ai turistimomenti di forte allegria e suggestione.<\/p>\n<p>E <strong>il 13 e il 14 agosto<\/strong> di ogni anno, si ricordano <strong>Sant\u2019Antonio e Maris Stella <\/strong>(la Madonna Stella del Mare, come sinonimo di Stella Polare), che la devota cittadina si scelse per proteggersi da guerre, invasioni, siccit\u00e0, carestie, epidemie .<br \/>\n<strong>Una ricca fiera<\/strong> di merci varie quali gastronomia, dolciumi, erboristeria, accessori di abbigliamento, accessori per la persona, accompagna ogni anno questi giorni festivi. La fiera \u00e8 caratteristica e richiama i turisti da ogni parte del Salento, perch\u00e9 risulta straordinariamente ricca sia per l&#8217;esposizione dei prodotti sia per la estensione. Sar\u00e0 possibile durante i giorni di fiera per i turisti conoscere ed apprezzare i modi di fare e di vivere della gente di Torre Pali, persone affabili, cortesi ed accoglienti: sar\u00e0 tutto un&#8217;esplosione di folklore, colori, suoni, sapori, prodotti tipici del luogo. Un elemento distintivo sar\u00e0 la presentazione del menu a tema per i prodotti freschi (olive, vino, pesce fresco, tartufi, farro, funghi, &#8230;)<\/p>\n<p><a href=\"http:\/\/www.torrepali.info\/wp-content\/uploads\/2008\/03\/la-torre-di-torre-pali.jpg\"><img loading=\"lazy\" decoding=\"async\" class=\"aligncenter size-full wp-image-18\" src=\"http:\/\/www.torrepali.info\/wp-content\/uploads\/2008\/03\/la-torre-di-torre-pali.jpg\" alt=\"\" width=\"400\" height=\"302\" \/><\/a><\/p>\n<p><strong>La processione sul mare<\/strong> \u00e8 veramente carattersitica. Una lunga fila di barche circonda la Torre dei \u201cPali&#8221;, che sorge dal mare e ha dato il nome alla marina del comune, perch\u00e9 prima si chiamava Marina Sant&#8217; Antonio come la chiesetta. Infine giunge al piccolo porticciolo in uno spettacolo unico ed emozionante.<\/p>\n<p>La festa di Sant\u2019Antonio e Maris Stella, a Torre Pali rappresenta un <strong>itinerario di fede<\/strong> decisamente suggestivo. Prima del Cristianesimo, questa terra rappresent\u00f2 un crogiolo di religioni del bacino mediterraneo che qui si fusero, anche nell&#8217;ambito misterioso del sacro; ma oggi la religiosit\u00e0 di questi luoghi non ha uguali al mondo. <strong>La cappella di Sant&#8217;Antonio e Maris Stella <\/strong>a <a href=\"\/\">Torre Pali<\/a>, un edificio piccolo ma riccamente decorato, destinato al culto, un vero e proprio tesoro culturale in cui un profumo penetrante di incenso si insinua dolcemente nelle narici.<\/p>\n","protected":false},"excerpt":{"rendered":"<p>Percorrendo le vie del basso Salento, sulla costa ionica, \u00e8 possibile scoprire antiche tradizioni popolari, manifestazioni e rievocazioni storiche che rendono unico e indimenticabile questo periodo dell&#8217;anno. Per secoli, il Salento ha dedicato ai santi a Dio e alla Madonna centinaia di cappelle, ricchi monasteri e cattedrali, chiostri, edicole sacre e chiese suggestive. Oggi, solenni [&hellip;]<\/p>\n","protected":false},"author":2,"featured_media":0,"comment_status":"open","ping_status":"closed","sticky":false,"template":"","format":"standard","meta":{"footnotes":""},"categories":[3],"tags":[],"class_list":["post-157","post","type-post","status-publish","format-standard","hentry","category-torre-pali"],"blocksy_meta":[],"yoast_head":"<!-- This site is optimized with the Yoast SEO plugin v26.2 - https:\/\/yoast.com\/wordpress\/plugins\/seo\/ -->\n<title>Agosto a Torre Pali: Festa di &quot;Sant&#039;Antonio e Maris Stella&quot;<\/title>\n<meta name=\"description\" content=\"La processione sul mare \u00e8 veramente carattersitica: una lunga fila di barche circonda la Torre dei \u201cPali&quot;, che sorge dal mare e ha dato il nome alla marina del comune.\" \/>\n<meta name=\"robots\" content=\"index, follow, max-snippet:-1, max-image-preview:large, max-video-preview:-1\" \/>\n<link rel=\"canonical\" href=\"https:\/\/www.torrepali.info\/index.php\/2012\/08\/agosto-a-torre-pali-festa-di-santantonio-e-maris-stella.html\" \/>\n<meta property=\"og:locale\" content=\"it_IT\" \/>\n<meta property=\"og:type\" content=\"article\" \/>\n<meta property=\"og:title\" content=\"Agosto a Torre Pali: Festa di &quot;Sant&#039;Antonio e Maris Stella&quot;\" \/>\n<meta property=\"og:description\" content=\"La processione sul mare \u00e8 veramente carattersitica: una lunga fila di barche circonda la Torre dei \u201cPali&quot;, che sorge dal mare e ha dato il nome alla marina del comune.\" \/>\n<meta property=\"og:url\" content=\"https:\/\/www.torrepali.info\/index.php\/2012\/08\/agosto-a-torre-pali-festa-di-santantonio-e-maris-stella.html\" \/>\n<meta property=\"og:site_name\" content=\"Torre Pali Marina di Salve\" \/>\n<meta property=\"article:published_time\" content=\"2012-08-12T10:49:49+00:00\" \/>\n<meta property=\"og:image\" content=\"http:\/\/www.torrepali.info\/wp-content\/uploads\/2008\/03\/la-torre-di-torre-pali.jpg\" \/>\n<meta name=\"author\" content=\"annamaria\" \/>\n<meta name=\"twitter:card\" content=\"summary_large_image\" \/>\n<meta name=\"twitter:creator\" content=\"@rOTIBfGWSg\" \/>\n<meta name=\"twitter:label1\" content=\"Scritto da\" \/>\n\t<meta name=\"twitter:data1\" content=\"annamaria\" \/>\n\t<meta name=\"twitter:label2\" content=\"Tempo di lettura stimato\" \/>\n\t<meta name=\"twitter:data2\" content=\"2 minuti\" \/>\n<script type=\"application\/ld+json\" class=\"yoast-schema-graph\">{\"@context\":\"https:\/\/schema.org\",\"@graph\":[{\"@type\":\"Article\",\"@id\":\"https:\/\/www.torrepali.info\/index.php\/2012\/08\/agosto-a-torre-pali-festa-di-santantonio-e-maris-stella.html#article\",\"isPartOf\":{\"@id\":\"https:\/\/www.torrepali.info\/index.php\/2012\/08\/agosto-a-torre-pali-festa-di-santantonio-e-maris-stella.html\"},\"author\":{\"name\":\"annamaria\",\"@id\":\"https:\/\/www.torrepali.info\/#\/schema\/person\/2f8608c8411e136f23582a51bc4b1ea8\"},\"headline\":\"Agosto a Torre Pali: Festa di &#8220;Sant&#8217;Antonio e Maris Stella&#8221;\",\"datePublished\":\"2012-08-12T10:49:49+00:00\",\"mainEntityOfPage\":{\"@id\":\"https:\/\/www.torrepali.info\/index.php\/2012\/08\/agosto-a-torre-pali-festa-di-santantonio-e-maris-stella.html\"},\"wordCount\":386,\"commentCount\":0,\"publisher\":{\"@id\":\"https:\/\/www.torrepali.info\/#organization\"},\"image\":{\"@id\":\"https:\/\/www.torrepali.info\/index.php\/2012\/08\/agosto-a-torre-pali-festa-di-santantonio-e-maris-stella.html#primaryimage\"},\"thumbnailUrl\":\"http:\/\/www.torrepali.info\/wp-content\/uploads\/2008\/03\/la-torre-di-torre-pali.jpg\",\"articleSection\":[\"Torre Pali\"],\"inLanguage\":\"it-IT\",\"potentialAction\":[{\"@type\":\"CommentAction\",\"name\":\"Comment\",\"target\":[\"https:\/\/www.torrepali.info\/index.php\/2012\/08\/agosto-a-torre-pali-festa-di-santantonio-e-maris-stella.html#respond\"]}]},{\"@type\":\"WebPage\",\"@id\":\"https:\/\/www.torrepali.info\/index.php\/2012\/08\/agosto-a-torre-pali-festa-di-santantonio-e-maris-stella.html\",\"url\":\"https:\/\/www.torrepali.info\/index.php\/2012\/08\/agosto-a-torre-pali-festa-di-santantonio-e-maris-stella.html\",\"name\":\"Agosto a Torre Pali: Festa di \\\"Sant'Antonio e Maris Stella\\\"\",\"isPartOf\":{\"@id\":\"https:\/\/www.torrepali.info\/#website\"},\"primaryImageOfPage\":{\"@id\":\"https:\/\/www.torrepali.info\/index.php\/2012\/08\/agosto-a-torre-pali-festa-di-santantonio-e-maris-stella.html#primaryimage\"},\"image\":{\"@id\":\"https:\/\/www.torrepali.info\/index.php\/2012\/08\/agosto-a-torre-pali-festa-di-santantonio-e-maris-stella.html#primaryimage\"},\"thumbnailUrl\":\"http:\/\/www.torrepali.info\/wp-content\/uploads\/2008\/03\/la-torre-di-torre-pali.jpg\",\"datePublished\":\"2012-08-12T10:49:49+00:00\",\"description\":\"La processione sul mare \u00e8 veramente carattersitica: una lunga fila di barche circonda la Torre dei \u201cPali\\\", che sorge dal mare e ha dato il nome alla marina del comune.\",\"breadcrumb\":{\"@id\":\"https:\/\/www.torrepali.info\/index.php\/2012\/08\/agosto-a-torre-pali-festa-di-santantonio-e-maris-stella.html#breadcrumb\"},\"inLanguage\":\"it-IT\",\"potentialAction\":[{\"@type\":\"ReadAction\",\"target\":[\"https:\/\/www.torrepali.info\/index.php\/2012\/08\/agosto-a-torre-pali-festa-di-santantonio-e-maris-stella.html\"]}]},{\"@type\":\"ImageObject\",\"inLanguage\":\"it-IT\",\"@id\":\"https:\/\/www.torrepali.info\/index.php\/2012\/08\/agosto-a-torre-pali-festa-di-santantonio-e-maris-stella.html#primaryimage\",\"url\":\"https:\/\/www.torrepali.info\/wp-content\/uploads\/2008\/03\/la-torre-di-torre-pali.jpg\",\"contentUrl\":\"https:\/\/www.torrepali.info\/wp-content\/uploads\/2008\/03\/la-torre-di-torre-pali.jpg\",\"width\":600,\"height\":402,\"caption\":\"La Torre Costiera di Torre Pali\"},{\"@type\":\"BreadcrumbList\",\"@id\":\"https:\/\/www.torrepali.info\/index.php\/2012\/08\/agosto-a-torre-pali-festa-di-santantonio-e-maris-stella.html#breadcrumb\",\"itemListElement\":[{\"@type\":\"ListItem\",\"position\":1,\"name\":\"Home\",\"item\":\"https:\/\/www.torrepali.info\/\"},{\"@type\":\"ListItem\",\"position\":2,\"name\":\"Agosto a Torre Pali: Festa di &#8220;Sant&#8217;Antonio e Maris Stella&#8221;\"}]},{\"@type\":\"WebSite\",\"@id\":\"https:\/\/www.torrepali.info\/#website\",\"url\":\"https:\/\/www.torrepali.info\/\",\"name\":\"Torre Pali Marina di Salve\",\"description\":\"Informazioni turistiche su Torre Pali\",\"publisher\":{\"@id\":\"https:\/\/www.torrepali.info\/#organization\"},\"potentialAction\":[{\"@type\":\"SearchAction\",\"target\":{\"@type\":\"EntryPoint\",\"urlTemplate\":\"https:\/\/www.torrepali.info\/?s={search_term_string}\"},\"query-input\":{\"@type\":\"PropertyValueSpecification\",\"valueRequired\":true,\"valueName\":\"search_term_string\"}}],\"inLanguage\":\"it-IT\"},{\"@type\":\"Organization\",\"@id\":\"https:\/\/www.torrepali.info\/#organization\",\"name\":\"TorrePali.info\",\"url\":\"https:\/\/www.torrepali.info\/\",\"logo\":{\"@type\":\"ImageObject\",\"inLanguage\":\"it-IT\",\"@id\":\"https:\/\/www.torrepali.info\/#\/schema\/logo\/image\/\",\"url\":\"http:\/\/www.torrepali.info\/wp-content\/uploads\/2013\/07\/torre-pali-info-testata.jpg\",\"contentUrl\":\"http:\/\/www.torrepali.info\/wp-content\/uploads\/2013\/07\/torre-pali-info-testata.jpg\",\"width\":1000,\"height\":288,\"caption\":\"TorrePali.info\"},\"image\":{\"@id\":\"https:\/\/www.torrepali.info\/#\/schema\/logo\/image\/\"}},{\"@type\":\"Person\",\"@id\":\"https:\/\/www.torrepali.info\/#\/schema\/person\/2f8608c8411e136f23582a51bc4b1ea8\",\"name\":\"annamaria\",\"sameAs\":[\"https:\/\/x.com\/rOTIBfGWSg\"]}]}<\/script>\n<!-- \/ Yoast SEO plugin. -->","yoast_head_json":{"title":"Agosto a Torre Pali: Festa di \"Sant'Antonio e Maris Stella\"","description":"La processione sul mare \u00e8 veramente carattersitica: una lunga fila di barche circonda la Torre dei \u201cPali\", che sorge dal mare e ha dato il nome alla marina del comune.","robots":{"index":"index","follow":"follow","max-snippet":"max-snippet:-1","max-image-preview":"max-image-preview:large","max-video-preview":"max-video-preview:-1"},"canonical":"https:\/\/www.torrepali.info\/index.php\/2012\/08\/agosto-a-torre-pali-festa-di-santantonio-e-maris-stella.html","og_locale":"it_IT","og_type":"article","og_title":"Agosto a Torre Pali: Festa di \"Sant'Antonio e Maris Stella\"","og_description":"La processione sul mare \u00e8 veramente carattersitica: una lunga fila di barche circonda la Torre dei \u201cPali\", che sorge dal mare e ha dato il nome alla marina del comune.","og_url":"https:\/\/www.torrepali.info\/index.php\/2012\/08\/agosto-a-torre-pali-festa-di-santantonio-e-maris-stella.html","og_site_name":"Torre Pali Marina di Salve","article_published_time":"2012-08-12T10:49:49+00:00","og_image":[{"url":"http:\/\/www.torrepali.info\/wp-content\/uploads\/2008\/03\/la-torre-di-torre-pali.jpg","type":"","width":"","height":""}],"author":"annamaria","twitter_card":"summary_large_image","twitter_creator":"@rOTIBfGWSg","twitter_misc":{"Scritto da":"annamaria","Tempo di lettura stimato":"2 minuti"},"schema":{"@context":"https:\/\/schema.org","@graph":[{"@type":"Article","@id":"https:\/\/www.torrepali.info\/index.php\/2012\/08\/agosto-a-torre-pali-festa-di-santantonio-e-maris-stella.html#article","isPartOf":{"@id":"https:\/\/www.torrepali.info\/index.php\/2012\/08\/agosto-a-torre-pali-festa-di-santantonio-e-maris-stella.html"},"author":{"name":"annamaria","@id":"https:\/\/www.torrepali.info\/#\/schema\/person\/2f8608c8411e136f23582a51bc4b1ea8"},"headline":"Agosto a Torre Pali: Festa di &#8220;Sant&#8217;Antonio e Maris Stella&#8221;","datePublished":"2012-08-12T10:49:49+00:00","mainEntityOfPage":{"@id":"https:\/\/www.torrepali.info\/index.php\/2012\/08\/agosto-a-torre-pali-festa-di-santantonio-e-maris-stella.html"},"wordCount":386,"commentCount":0,"publisher":{"@id":"https:\/\/www.torrepali.info\/#organization"},"image":{"@id":"https:\/\/www.torrepali.info\/index.php\/2012\/08\/agosto-a-torre-pali-festa-di-santantonio-e-maris-stella.html#primaryimage"},"thumbnailUrl":"http:\/\/www.torrepali.info\/wp-content\/uploads\/2008\/03\/la-torre-di-torre-pali.jpg","articleSection":["Torre Pali"],"inLanguage":"it-IT","potentialAction":[{"@type":"CommentAction","name":"Comment","target":["https:\/\/www.torrepali.info\/index.php\/2012\/08\/agosto-a-torre-pali-festa-di-santantonio-e-maris-stella.html#respond"]}]},{"@type":"WebPage","@id":"https:\/\/www.torrepali.info\/index.php\/2012\/08\/agosto-a-torre-pali-festa-di-santantonio-e-maris-stella.html","url":"https:\/\/www.torrepali.info\/index.php\/2012\/08\/agosto-a-torre-pali-festa-di-santantonio-e-maris-stella.html","name":"Agosto a Torre Pali: Festa di \"Sant'Antonio e Maris Stella\"","isPartOf":{"@id":"https:\/\/www.torrepali.info\/#website"},"primaryImageOfPage":{"@id":"https:\/\/www.torrepali.info\/index.php\/2012\/08\/agosto-a-torre-pali-festa-di-santantonio-e-maris-stella.html#primaryimage"},"image":{"@id":"https:\/\/www.torrepali.info\/index.php\/2012\/08\/agosto-a-torre-pali-festa-di-santantonio-e-maris-stella.html#primaryimage"},"thumbnailUrl":"http:\/\/www.torrepali.info\/wp-content\/uploads\/2008\/03\/la-torre-di-torre-pali.jpg","datePublished":"2012-08-12T10:49:49+00:00","description":"La processione sul mare \u00e8 veramente carattersitica: una lunga fila di barche circonda la Torre dei \u201cPali\", che sorge dal mare e ha dato il nome alla marina del comune.","breadcrumb":{"@id":"https:\/\/www.torrepali.info\/index.php\/2012\/08\/agosto-a-torre-pali-festa-di-santantonio-e-maris-stella.html#breadcrumb"},"inLanguage":"it-IT","potentialAction":[{"@type":"ReadAction","target":["https:\/\/www.torrepali.info\/index.php\/2012\/08\/agosto-a-torre-pali-festa-di-santantonio-e-maris-stella.html"]}]},{"@type":"ImageObject","inLanguage":"it-IT","@id":"https:\/\/www.torrepali.info\/index.php\/2012\/08\/agosto-a-torre-pali-festa-di-santantonio-e-maris-stella.html#primaryimage","url":"https:\/\/www.torrepali.info\/wp-content\/uploads\/2008\/03\/la-torre-di-torre-pali.jpg","contentUrl":"https:\/\/www.torrepali.info\/wp-content\/uploads\/2008\/03\/la-torre-di-torre-pali.jpg","width":600,"height":402,"caption":"La Torre Costiera di Torre Pali"},{"@type":"BreadcrumbList","@id":"https:\/\/www.torrepali.info\/index.php\/2012\/08\/agosto-a-torre-pali-festa-di-santantonio-e-maris-stella.html#breadcrumb","itemListElement":[{"@type":"ListItem","position":1,"name":"Home","item":"https:\/\/www.torrepali.info\/"},{"@type":"ListItem","position":2,"name":"Agosto a Torre Pali: Festa di &#8220;Sant&#8217;Antonio e Maris Stella&#8221;"}]},{"@type":"WebSite","@id":"https:\/\/www.torrepali.info\/#website","url":"https:\/\/www.torrepali.info\/","name":"Torre Pali Marina di Salve","description":"Informazioni turistiche su Torre Pali","publisher":{"@id":"https:\/\/www.torrepali.info\/#organization"},"potentialAction":[{"@type":"SearchAction","target":{"@type":"EntryPoint","urlTemplate":"https:\/\/www.torrepali.info\/?s={search_term_string}"},"query-input":{"@type":"PropertyValueSpecification","valueRequired":true,"valueName":"search_term_string"}}],"inLanguage":"it-IT"},{"@type":"Organization","@id":"https:\/\/www.torrepali.info\/#organization","name":"TorrePali.info","url":"https:\/\/www.torrepali.info\/","logo":{"@type":"ImageObject","inLanguage":"it-IT","@id":"https:\/\/www.torrepali.info\/#\/schema\/logo\/image\/","url":"http:\/\/www.torrepali.info\/wp-content\/uploads\/2013\/07\/torre-pali-info-testata.jpg","contentUrl":"http:\/\/www.torrepali.info\/wp-content\/uploads\/2013\/07\/torre-pali-info-testata.jpg","width":1000,"height":288,"caption":"TorrePali.info"},"image":{"@id":"https:\/\/www.torrepali.info\/#\/schema\/logo\/image\/"}},{"@type":"Person","@id":"https:\/\/www.torrepali.info\/#\/schema\/person\/2f8608c8411e136f23582a51bc4b1ea8","name":"annamaria","sameAs":["https:\/\/x.com\/rOTIBfGWSg"]}]}},"_links":{"self":[{"href":"https:\/\/www.torrepali.info\/index.php\/wp-json\/wp\/v2\/posts\/157","targetHints":{"allow":["GET"]}}],"collection":[{"href":"https:\/\/www.torrepali.info\/index.php\/wp-json\/wp\/v2\/posts"}],"about":[{"href":"https:\/\/www.torrepali.info\/index.php\/wp-json\/wp\/v2\/types\/post"}],"author":[{"embeddable":true,"href":"https:\/\/www.torrepali.info\/index.php\/wp-json\/wp\/v2\/users\/2"}],"replies":[{"embeddable":true,"href":"https:\/\/www.torrepali.info\/index.php\/wp-json\/wp\/v2\/comments?post=157"}],"version-history":[{"count":0,"href":"https:\/\/www.torrepali.info\/index.php\/wp-json\/wp\/v2\/posts\/157\/revisions"}],"wp:attachment":[{"href":"https:\/\/www.torrepali.info\/index.php\/wp-json\/wp\/v2\/media?parent=157"}],"wp:term":[{"taxonomy":"category","embeddable":true,"href":"https:\/\/www.torrepali.info\/index.php\/wp-json\/wp\/v2\/categories?post=157"},{"taxonomy":"post_tag","embeddable":true,"href":"https:\/\/www.torrepali.info\/index.php\/wp-json\/wp\/v2\/tags?post=157"}],"curies":[{"name":"wp","href":"https:\/\/api.w.org\/{rel}","templated":true}]}}