{"id":252,"date":"2013-05-14T16:16:12","date_gmt":"2013-05-14T15:16:12","guid":{"rendered":"http:\/\/www.torrepali.info\/?p=252"},"modified":"2023-12-15T10:07:47","modified_gmt":"2023-12-15T09:07:47","slug":"bandiera-blu-2013-torre-pali-marina-di-salve","status":"publish","type":"post","link":"https:\/\/www.torrepali.info\/index.php\/2013\/05\/bandiera-blu-2013-torre-pali-marina-di-salve.html","title":{"rendered":"Bandiera Blu 2013 Torre Pali Marina di Salve"},"content":{"rendered":"<p>Il vessillo della &#8220;Bandiera Blu 2013&#8221; bacia il Salento: la Puglia \u00e8 da sempre stata &#8220;regina&#8221; della classifica con numerose localit\u00e0, e anche per il 2013 molte spiagge sono state premiate con l&#8217;ambito riconoscimento. Torre Pali marina di salve, in particolare, presenta una costa da sogno che si alterna tra sabbia e scogli e offre non solo divertimento ma anche cultura, natura e storia. Su questo incredibile litorale, si erge la Bandiera Blu assegnata nel 2013 dalla FEE (Foundation fo Environmental Education), un premio che gratifica il mare salentino per il rispetto e la cura dell&#8217;ambiente, che hanno permesso di mantenere intatti scenari ineguagliabili. La bandiera torna a sventolare in Salento: un tuffo non solo in acque limpide ma anche nelle notti dei locali di Gallipoli, distante solo 35 km da Torre Pali, nelle botteghe artigiane della Terra d&#8217;Otranto e nelle tradizioni di della Grec\u00eca Salentina.<\/p>\n<p><img loading=\"lazy\" decoding=\"async\" class=\"ngg-singlepic ngg-left alignleft\" style=\"border: 1px solid black; margin: 5px;\" title=\"Torre e spiaggia Torre Pali \" src=\"http:\/\/www.torrepali.info\/wp-content\/gallery\/foto\/fototorrepali_09.jpg\" alt=\"Torre e spiaggia Torre Pali \" width=\"478\" height=\"320\" \/>Torre Pali col suo porticciolo di recente costruzione, rappresenta una meta che ha tanto da regalare e che non delude mai, avendo come protagonisti il sole, il divertimento, il relax e il mare cristallino. L&#8217;estate 2013 pu\u00f2 rappresentare una splendida occasione per assistere a un insieme di piccoli capolavori creati dalla natura, come lo scoglio della Fanciulla a soli 100 metri dalla riva, e anche per una vacanza in un luogo di indimenticabili odori e colori del Salento.<\/p>\n<p>La spiaggia di Torre Pali \u00e8 costituita da sabbia bianca ed \u00e8 bagnata da un mare che presenta sfaccettature di color turchese, simbolo del mare pulito e dell&#8217;accessibilit\u00e0. I colori dei caraibi e la spiaggia bianca rendono il panorama di Torre Pali unico, e la partenza non sar\u00e0 facile.<\/p>\n<p>Torre pali \u00e8 anche un luogo ricco di storia, di cui oggi restano importanti testimonianze architettoniche: nel corso dei secoli il Salento ha contato innumerevoli invasioni, sia di intere popolazioni, che di piccole scorribande di predoni occasionali; ma dal XV secolo in poi ben pi\u00f9 frequenti furono le visite dei predoni, e venne costruita a Torre Pali una torre costiera: ai tempi, la torre a pianta circolare si trovava sulla terraferma ma a causa dell&#8217;erosione attualmente si trova completamente circondata dalle acque, a circa 15 metri dalla costa, offrendo uno scenario incantevole.<\/p>\n<p>L&#8217;articolata proposta turistica dell&#8217;estate 2013 di Torre Pali, ispirata dal successo della riconferma della Bandiera Blu, permette alla cittadina di esprimere una realt\u00e0 unica nel territorio salentino, creata dai mestieri tradizionali, dall&#8217;antica tecnica e dalla manualit\u00e0, per portare i turisti a contatto con l\u2019anima pi\u00f9 genuina del territorio. Dal merletto a tombolo e ricamo alla progettazione di gioielli e accessori moda, dalla decorazione alla pittura, dalla lavorazione del giunco a quella del ferro battuto, dal creare con la carta, alla paglia, al vimine, alla creta, anche dal vero, immersi nelle strade della ridente cittadina.<\/p>\n<p>Istituito nel 1987 dall&#8217;organizzazione non-governativa e no-profit FEE il Programma &#8220;Bandiera Blu&#8221; \u00e8 condotto in 41 paesi in tutto il mondo con l&#8217;obiettivo di promuovere nei Comuni costieri una gestione sostenibile del territorio, prestando particolare cura per l&#8217;ambiente. La stagione turistica delle marine di Salve tra cui <a title=\"Bandiera Blu Pescoluse 2013\" href=\"https:\/\/www.pescoluse.info\/index.php\/2013\/05\/pescoluse-bandiera-blu-2013.html\" target=\"_blank\" rel=\"noopener\">Pescoluse<\/a> e Torre Pali si apre nel 2013 con questo premio della Bandiera Blu, assegnato e ufficializzato in Maggio, per aver soddisfatto i parametri di qualit\u00e0 delle acque, di misure di sicurezza, di educazione ambientale, di pulizia delle spiagge, di servizi offerti, di storia e architettura del territorio, di antichi mestieri da rivivere.<\/p>\n<p><strong><strong><strong>&#8211;<\/strong> <\/strong>Bandiere blu provincia di Lecce<\/strong><\/p>\n<ul>\n<li>\u00a0\u00a0\u00a0 Melendugno<\/li>\n<li>\u00a0\u00a0\u00a0 Salve<\/li>\n<li>\u00a0\u00a0\u00a0 Castro<\/li>\n<li>\u00a0\u00a0\u00a0 Otranto<\/li>\n<\/ul>\n","protected":false},"excerpt":{"rendered":"<p>Il vessillo della &#8220;Bandiera Blu 2013&#8221; bacia il Salento: la Puglia \u00e8 da sempre stata &#8220;regina&#8221; della classifica con numerose localit\u00e0, e anche per il 2013 molte spiagge sono state premiate con l&#8217;ambito riconoscimento. Torre Pali marina di salve, in particolare, presenta una costa da sogno che si alterna tra sabbia e scogli e offre [&hellip;]<\/p>\n","protected":false},"author":2,"featured_media":0,"comment_status":"open","ping_status":"closed","sticky":false,"template":"","format":"standard","meta":{"footnotes":""},"categories":[3],"tags":[],"class_list":["post-252","post","type-post","status-publish","format-standard","hentry","category-torre-pali"],"blocksy_meta":[],"yoast_head":"<!-- This site is optimized with the Yoast SEO plugin v26.2 - https:\/\/yoast.com\/wordpress\/plugins\/seo\/ -->\n<title>Bandiera Blu 2013 Torre Pali Marina di Salve<\/title>\n<meta name=\"description\" content=\"Bandiera Blu alla Marina di Torre Pali nel Salento assegnata da FEE (Foundation fo Environmental Education) per l&#039;anno 2013.\" \/>\n<meta name=\"robots\" content=\"index, follow, max-snippet:-1, max-image-preview:large, max-video-preview:-1\" \/>\n<link rel=\"canonical\" href=\"https:\/\/www.torrepali.info\/index.php\/2013\/05\/bandiera-blu-2013-torre-pali-marina-di-salve.html\" \/>\n<meta property=\"og:locale\" content=\"it_IT\" \/>\n<meta property=\"og:type\" content=\"article\" \/>\n<meta property=\"og:title\" content=\"Bandiera Blu 2013 Torre Pali Marina di Salve\" \/>\n<meta property=\"og:description\" content=\"Bandiera Blu alla Marina di Torre Pali nel Salento assegnata da FEE (Foundation fo Environmental Education) per l&#039;anno 2013.\" \/>\n<meta property=\"og:url\" content=\"https:\/\/www.torrepali.info\/index.php\/2013\/05\/bandiera-blu-2013-torre-pali-marina-di-salve.html\" \/>\n<meta property=\"og:site_name\" content=\"Torre Pali Marina di Salve\" \/>\n<meta property=\"article:published_time\" content=\"2013-05-14T15:16:12+00:00\" \/>\n<meta property=\"article:modified_time\" content=\"2023-12-15T09:07:47+00:00\" \/>\n<meta property=\"og:image\" content=\"http:\/\/www.torrepali.info\/wp-content\/gallery\/foto\/fototorrepali_09.jpg\" \/>\n<meta name=\"author\" content=\"annamaria\" \/>\n<meta name=\"twitter:card\" content=\"summary_large_image\" \/>\n<meta name=\"twitter:creator\" content=\"@rOTIBfGWSg\" \/>\n<meta name=\"twitter:label1\" content=\"Scritto da\" \/>\n\t<meta name=\"twitter:data1\" content=\"annamaria\" \/>\n\t<meta name=\"twitter:label2\" content=\"Tempo di lettura stimato\" \/>\n\t<meta name=\"twitter:data2\" content=\"3 minuti\" \/>\n<script type=\"application\/ld+json\" class=\"yoast-schema-graph\">{\"@context\":\"https:\/\/schema.org\",\"@graph\":[{\"@type\":\"Article\",\"@id\":\"https:\/\/www.torrepali.info\/index.php\/2013\/05\/bandiera-blu-2013-torre-pali-marina-di-salve.html#article\",\"isPartOf\":{\"@id\":\"https:\/\/www.torrepali.info\/index.php\/2013\/05\/bandiera-blu-2013-torre-pali-marina-di-salve.html\"},\"author\":{\"name\":\"annamaria\",\"@id\":\"https:\/\/www.torrepali.info\/#\/schema\/person\/2f8608c8411e136f23582a51bc4b1ea8\"},\"headline\":\"Bandiera Blu 2013 Torre Pali Marina di Salve\",\"datePublished\":\"2013-05-14T15:16:12+00:00\",\"dateModified\":\"2023-12-15T09:07:47+00:00\",\"mainEntityOfPage\":{\"@id\":\"https:\/\/www.torrepali.info\/index.php\/2013\/05\/bandiera-blu-2013-torre-pali-marina-di-salve.html\"},\"wordCount\":574,\"commentCount\":0,\"publisher\":{\"@id\":\"https:\/\/www.torrepali.info\/#organization\"},\"image\":{\"@id\":\"https:\/\/www.torrepali.info\/index.php\/2013\/05\/bandiera-blu-2013-torre-pali-marina-di-salve.html#primaryimage\"},\"thumbnailUrl\":\"http:\/\/www.torrepali.info\/wp-content\/gallery\/foto\/fototorrepali_09.jpg\",\"articleSection\":[\"Torre Pali\"],\"inLanguage\":\"it-IT\",\"potentialAction\":[{\"@type\":\"CommentAction\",\"name\":\"Comment\",\"target\":[\"https:\/\/www.torrepali.info\/index.php\/2013\/05\/bandiera-blu-2013-torre-pali-marina-di-salve.html#respond\"]}]},{\"@type\":\"WebPage\",\"@id\":\"https:\/\/www.torrepali.info\/index.php\/2013\/05\/bandiera-blu-2013-torre-pali-marina-di-salve.html\",\"url\":\"https:\/\/www.torrepali.info\/index.php\/2013\/05\/bandiera-blu-2013-torre-pali-marina-di-salve.html\",\"name\":\"Bandiera Blu 2013 Torre Pali Marina di Salve\",\"isPartOf\":{\"@id\":\"https:\/\/www.torrepali.info\/#website\"},\"primaryImageOfPage\":{\"@id\":\"https:\/\/www.torrepali.info\/index.php\/2013\/05\/bandiera-blu-2013-torre-pali-marina-di-salve.html#primaryimage\"},\"image\":{\"@id\":\"https:\/\/www.torrepali.info\/index.php\/2013\/05\/bandiera-blu-2013-torre-pali-marina-di-salve.html#primaryimage\"},\"thumbnailUrl\":\"http:\/\/www.torrepali.info\/wp-content\/gallery\/foto\/fototorrepali_09.jpg\",\"datePublished\":\"2013-05-14T15:16:12+00:00\",\"dateModified\":\"2023-12-15T09:07:47+00:00\",\"description\":\"Bandiera Blu alla Marina di Torre Pali nel Salento assegnata da FEE (Foundation fo Environmental Education) per l'anno 2013.\",\"breadcrumb\":{\"@id\":\"https:\/\/www.torrepali.info\/index.php\/2013\/05\/bandiera-blu-2013-torre-pali-marina-di-salve.html#breadcrumb\"},\"inLanguage\":\"it-IT\",\"potentialAction\":[{\"@type\":\"ReadAction\",\"target\":[\"https:\/\/www.torrepali.info\/index.php\/2013\/05\/bandiera-blu-2013-torre-pali-marina-di-salve.html\"]}]},{\"@type\":\"ImageObject\",\"inLanguage\":\"it-IT\",\"@id\":\"https:\/\/www.torrepali.info\/index.php\/2013\/05\/bandiera-blu-2013-torre-pali-marina-di-salve.html#primaryimage\",\"url\":\"http:\/\/www.torrepali.info\/wp-content\/gallery\/foto\/fototorrepali_09.jpg\",\"contentUrl\":\"http:\/\/www.torrepali.info\/wp-content\/gallery\/foto\/fototorrepali_09.jpg\"},{\"@type\":\"BreadcrumbList\",\"@id\":\"https:\/\/www.torrepali.info\/index.php\/2013\/05\/bandiera-blu-2013-torre-pali-marina-di-salve.html#breadcrumb\",\"itemListElement\":[{\"@type\":\"ListItem\",\"position\":1,\"name\":\"Home\",\"item\":\"https:\/\/www.torrepali.info\/\"},{\"@type\":\"ListItem\",\"position\":2,\"name\":\"Bandiera Blu 2013 Torre Pali Marina di Salve\"}]},{\"@type\":\"WebSite\",\"@id\":\"https:\/\/www.torrepali.info\/#website\",\"url\":\"https:\/\/www.torrepali.info\/\",\"name\":\"Torre Pali Marina di Salve\",\"description\":\"Informazioni turistiche su Torre Pali\",\"publisher\":{\"@id\":\"https:\/\/www.torrepali.info\/#organization\"},\"potentialAction\":[{\"@type\":\"SearchAction\",\"target\":{\"@type\":\"EntryPoint\",\"urlTemplate\":\"https:\/\/www.torrepali.info\/?s={search_term_string}\"},\"query-input\":{\"@type\":\"PropertyValueSpecification\",\"valueRequired\":true,\"valueName\":\"search_term_string\"}}],\"inLanguage\":\"it-IT\"},{\"@type\":\"Organization\",\"@id\":\"https:\/\/www.torrepali.info\/#organization\",\"name\":\"TorrePali.info\",\"url\":\"https:\/\/www.torrepali.info\/\",\"logo\":{\"@type\":\"ImageObject\",\"inLanguage\":\"it-IT\",\"@id\":\"https:\/\/www.torrepali.info\/#\/schema\/logo\/image\/\",\"url\":\"http:\/\/www.torrepali.info\/wp-content\/uploads\/2013\/07\/torre-pali-info-testata.jpg\",\"contentUrl\":\"http:\/\/www.torrepali.info\/wp-content\/uploads\/2013\/07\/torre-pali-info-testata.jpg\",\"width\":1000,\"height\":288,\"caption\":\"TorrePali.info\"},\"image\":{\"@id\":\"https:\/\/www.torrepali.info\/#\/schema\/logo\/image\/\"}},{\"@type\":\"Person\",\"@id\":\"https:\/\/www.torrepali.info\/#\/schema\/person\/2f8608c8411e136f23582a51bc4b1ea8\",\"name\":\"annamaria\",\"sameAs\":[\"https:\/\/x.com\/rOTIBfGWSg\"]}]}<\/script>\n<!-- \/ Yoast SEO plugin. -->","yoast_head_json":{"title":"Bandiera Blu 2013 Torre Pali Marina di Salve","description":"Bandiera Blu alla Marina di Torre Pali nel Salento assegnata da FEE (Foundation fo Environmental Education) per l'anno 2013.","robots":{"index":"index","follow":"follow","max-snippet":"max-snippet:-1","max-image-preview":"max-image-preview:large","max-video-preview":"max-video-preview:-1"},"canonical":"https:\/\/www.torrepali.info\/index.php\/2013\/05\/bandiera-blu-2013-torre-pali-marina-di-salve.html","og_locale":"it_IT","og_type":"article","og_title":"Bandiera Blu 2013 Torre Pali Marina di Salve","og_description":"Bandiera Blu alla Marina di Torre Pali nel Salento assegnata da FEE (Foundation fo Environmental Education) per l'anno 2013.","og_url":"https:\/\/www.torrepali.info\/index.php\/2013\/05\/bandiera-blu-2013-torre-pali-marina-di-salve.html","og_site_name":"Torre Pali Marina di Salve","article_published_time":"2013-05-14T15:16:12+00:00","article_modified_time":"2023-12-15T09:07:47+00:00","og_image":[{"url":"http:\/\/www.torrepali.info\/wp-content\/gallery\/foto\/fototorrepali_09.jpg","type":"","width":"","height":""}],"author":"annamaria","twitter_card":"summary_large_image","twitter_creator":"@rOTIBfGWSg","twitter_misc":{"Scritto da":"annamaria","Tempo di lettura stimato":"3 minuti"},"schema":{"@context":"https:\/\/schema.org","@graph":[{"@type":"Article","@id":"https:\/\/www.torrepali.info\/index.php\/2013\/05\/bandiera-blu-2013-torre-pali-marina-di-salve.html#article","isPartOf":{"@id":"https:\/\/www.torrepali.info\/index.php\/2013\/05\/bandiera-blu-2013-torre-pali-marina-di-salve.html"},"author":{"name":"annamaria","@id":"https:\/\/www.torrepali.info\/#\/schema\/person\/2f8608c8411e136f23582a51bc4b1ea8"},"headline":"Bandiera Blu 2013 Torre Pali Marina di Salve","datePublished":"2013-05-14T15:16:12+00:00","dateModified":"2023-12-15T09:07:47+00:00","mainEntityOfPage":{"@id":"https:\/\/www.torrepali.info\/index.php\/2013\/05\/bandiera-blu-2013-torre-pali-marina-di-salve.html"},"wordCount":574,"commentCount":0,"publisher":{"@id":"https:\/\/www.torrepali.info\/#organization"},"image":{"@id":"https:\/\/www.torrepali.info\/index.php\/2013\/05\/bandiera-blu-2013-torre-pali-marina-di-salve.html#primaryimage"},"thumbnailUrl":"http:\/\/www.torrepali.info\/wp-content\/gallery\/foto\/fototorrepali_09.jpg","articleSection":["Torre Pali"],"inLanguage":"it-IT","potentialAction":[{"@type":"CommentAction","name":"Comment","target":["https:\/\/www.torrepali.info\/index.php\/2013\/05\/bandiera-blu-2013-torre-pali-marina-di-salve.html#respond"]}]},{"@type":"WebPage","@id":"https:\/\/www.torrepali.info\/index.php\/2013\/05\/bandiera-blu-2013-torre-pali-marina-di-salve.html","url":"https:\/\/www.torrepali.info\/index.php\/2013\/05\/bandiera-blu-2013-torre-pali-marina-di-salve.html","name":"Bandiera Blu 2013 Torre Pali Marina di Salve","isPartOf":{"@id":"https:\/\/www.torrepali.info\/#website"},"primaryImageOfPage":{"@id":"https:\/\/www.torrepali.info\/index.php\/2013\/05\/bandiera-blu-2013-torre-pali-marina-di-salve.html#primaryimage"},"image":{"@id":"https:\/\/www.torrepali.info\/index.php\/2013\/05\/bandiera-blu-2013-torre-pali-marina-di-salve.html#primaryimage"},"thumbnailUrl":"http:\/\/www.torrepali.info\/wp-content\/gallery\/foto\/fototorrepali_09.jpg","datePublished":"2013-05-14T15:16:12+00:00","dateModified":"2023-12-15T09:07:47+00:00","description":"Bandiera Blu alla Marina di Torre Pali nel Salento assegnata da FEE (Foundation fo Environmental Education) per l'anno 2013.","breadcrumb":{"@id":"https:\/\/www.torrepali.info\/index.php\/2013\/05\/bandiera-blu-2013-torre-pali-marina-di-salve.html#breadcrumb"},"inLanguage":"it-IT","potentialAction":[{"@type":"ReadAction","target":["https:\/\/www.torrepali.info\/index.php\/2013\/05\/bandiera-blu-2013-torre-pali-marina-di-salve.html"]}]},{"@type":"ImageObject","inLanguage":"it-IT","@id":"https:\/\/www.torrepali.info\/index.php\/2013\/05\/bandiera-blu-2013-torre-pali-marina-di-salve.html#primaryimage","url":"http:\/\/www.torrepali.info\/wp-content\/gallery\/foto\/fototorrepali_09.jpg","contentUrl":"http:\/\/www.torrepali.info\/wp-content\/gallery\/foto\/fototorrepali_09.jpg"},{"@type":"BreadcrumbList","@id":"https:\/\/www.torrepali.info\/index.php\/2013\/05\/bandiera-blu-2013-torre-pali-marina-di-salve.html#breadcrumb","itemListElement":[{"@type":"ListItem","position":1,"name":"Home","item":"https:\/\/www.torrepali.info\/"},{"@type":"ListItem","position":2,"name":"Bandiera Blu 2013 Torre Pali Marina di Salve"}]},{"@type":"WebSite","@id":"https:\/\/www.torrepali.info\/#website","url":"https:\/\/www.torrepali.info\/","name":"Torre Pali Marina di Salve","description":"Informazioni turistiche su Torre Pali","publisher":{"@id":"https:\/\/www.torrepali.info\/#organization"},"potentialAction":[{"@type":"SearchAction","target":{"@type":"EntryPoint","urlTemplate":"https:\/\/www.torrepali.info\/?s={search_term_string}"},"query-input":{"@type":"PropertyValueSpecification","valueRequired":true,"valueName":"search_term_string"}}],"inLanguage":"it-IT"},{"@type":"Organization","@id":"https:\/\/www.torrepali.info\/#organization","name":"TorrePali.info","url":"https:\/\/www.torrepali.info\/","logo":{"@type":"ImageObject","inLanguage":"it-IT","@id":"https:\/\/www.torrepali.info\/#\/schema\/logo\/image\/","url":"http:\/\/www.torrepali.info\/wp-content\/uploads\/2013\/07\/torre-pali-info-testata.jpg","contentUrl":"http:\/\/www.torrepali.info\/wp-content\/uploads\/2013\/07\/torre-pali-info-testata.jpg","width":1000,"height":288,"caption":"TorrePali.info"},"image":{"@id":"https:\/\/www.torrepali.info\/#\/schema\/logo\/image\/"}},{"@type":"Person","@id":"https:\/\/www.torrepali.info\/#\/schema\/person\/2f8608c8411e136f23582a51bc4b1ea8","name":"annamaria","sameAs":["https:\/\/x.com\/rOTIBfGWSg"]}]}},"_links":{"self":[{"href":"https:\/\/www.torrepali.info\/index.php\/wp-json\/wp\/v2\/posts\/252","targetHints":{"allow":["GET"]}}],"collection":[{"href":"https:\/\/www.torrepali.info\/index.php\/wp-json\/wp\/v2\/posts"}],"about":[{"href":"https:\/\/www.torrepali.info\/index.php\/wp-json\/wp\/v2\/types\/post"}],"author":[{"embeddable":true,"href":"https:\/\/www.torrepali.info\/index.php\/wp-json\/wp\/v2\/users\/2"}],"replies":[{"embeddable":true,"href":"https:\/\/www.torrepali.info\/index.php\/wp-json\/wp\/v2\/comments?post=252"}],"version-history":[{"count":1,"href":"https:\/\/www.torrepali.info\/index.php\/wp-json\/wp\/v2\/posts\/252\/revisions"}],"predecessor-version":[{"id":384,"href":"https:\/\/www.torrepali.info\/index.php\/wp-json\/wp\/v2\/posts\/252\/revisions\/384"}],"wp:attachment":[{"href":"https:\/\/www.torrepali.info\/index.php\/wp-json\/wp\/v2\/media?parent=252"}],"wp:term":[{"taxonomy":"category","embeddable":true,"href":"https:\/\/www.torrepali.info\/index.php\/wp-json\/wp\/v2\/categories?post=252"},{"taxonomy":"post_tag","embeddable":true,"href":"https:\/\/www.torrepali.info\/index.php\/wp-json\/wp\/v2\/tags?post=252"}],"curies":[{"name":"wp","href":"https:\/\/api.w.org\/{rel}","templated":true}]}}