{"id":67,"date":"2008-09-24T08:18:38","date_gmt":"2008-09-24T07:18:38","guid":{"rendered":"http:\/\/www.torrepali.info\/?p=67"},"modified":"2013-07-19T18:37:23","modified_gmt":"2013-07-19T17:37:23","slug":"associazione-amici-del-cane-di-salve","status":"publish","type":"post","link":"https:\/\/www.torrepali.info\/index.php\/2008\/09\/associazione-amici-del-cane-di-salve.html","title":{"rendered":"Associazione amici del cane di Salve"},"content":{"rendered":"<p>Un&#8217;area recintata e ben protetta \u00e8 stata appena data in gestione da parte del Comune di Salve all&#8217;Associazione Amici del Cane di Salve.<\/p>\n<p><a title=\"dsc_1121\" href=\"http:\/\/www.torrepali.info\/wp-content\/uploads\/2008\/09\/dsc_1121.jpg\" rel=\"lightbox[pics67]\"><img loading=\"lazy\" decoding=\"async\" class=\"attachment wp-att-68 alignleft\" alt=\"dsc_1121\" src=\"http:\/\/www.torrepali.info\/wp-content\/uploads\/2008\/09\/dsc_1121.thumbnail.jpg\" width=\"200\" height=\"133\" \/><\/a><\/p>\n<p>Da anni l&#8217;associazione, voluta e fondata da <strong>Fernando Andrioli<\/strong>, si adopera con amore, passione e professionalit\u00e0 alla cura e all&#8217;addestramento dei cani: tecniche di addestramento dolce ma molto efficaci soprattutto perch\u00e8 alla base c&#8217;\u00e8 il rapporto di amore con il cane e la consapevolezza della grande ricchezza emotiva di cui tutti i cani sono capaci.<\/p>\n<p>Nell&#8217;associazione amici del cane,\u00a0 ormai divenuta una realt\u00e0 nel Capo di Leuca,si possono iscrivere tutti i cani vaccinati ed in buona salute, in qualsiasi momento dell&#8217;anno in quanto il centro \u00e8 sempre aperto.<\/p>\n<p>Tra i vari addestramenti potete scegliere:<br \/>\nEducazione di Base da poter svolgere fino a 3 volte la settimana tutto l\u2019anno senza esclusione alcuna per cani adulti di razza che meticci.<br \/>\nProgrammi di educazione per cuccioli.<br \/>\nUtilit\u00e0 e Difesa.<\/p>\n<p>PER INFORMAZIONI ANDRIOLI FERNANDO TEL. 347.4341325<\/p>\n","protected":false},"excerpt":{"rendered":"<p>Un&#8217;area recintata e ben protetta \u00e8 stata appena data in gestione da parte del Comune di Salve all&#8217;Associazione Amici del Cane di Salve. Da anni l&#8217;associazione, voluta e fondata da Fernando Andrioli, si adopera con amore, passione e professionalit\u00e0 alla cura e all&#8217;addestramento dei cani: tecniche di addestramento dolce ma molto efficaci soprattutto perch\u00e8 alla [&hellip;]<\/p>\n","protected":false},"author":2,"featured_media":0,"comment_status":"open","ping_status":"closed","sticky":false,"template":"","format":"standard","meta":{"footnotes":""},"categories":[1],"tags":[93,92],"class_list":["post-67","post","type-post","status-publish","format-standard","hentry","category-salento","tag-salve","tag-torre-pali"],"blocksy_meta":[],"yoast_head":"<!-- This site is optimized with the Yoast SEO plugin v26.2 - https:\/\/yoast.com\/wordpress\/plugins\/seo\/ -->\n<title>Associazione amici del cane di Salve - Torre Pali Marina di Salve<\/title>\n<meta name=\"robots\" content=\"index, follow, max-snippet:-1, max-image-preview:large, max-video-preview:-1\" \/>\n<link rel=\"canonical\" href=\"https:\/\/www.torrepali.info\/index.php\/2008\/09\/associazione-amici-del-cane-di-salve.html\" \/>\n<meta property=\"og:locale\" content=\"it_IT\" \/>\n<meta property=\"og:type\" content=\"article\" \/>\n<meta property=\"og:title\" content=\"Associazione amici del cane di Salve - Torre Pali Marina di Salve\" \/>\n<meta property=\"og:description\" content=\"Un&#8217;area recintata e ben protetta \u00e8 stata appena data in gestione da parte del Comune di Salve all&#8217;Associazione Amici del Cane di Salve. Da anni l&#8217;associazione, voluta e fondata da Fernando Andrioli, si adopera con amore, passione e professionalit\u00e0 alla cura e all&#8217;addestramento dei cani: tecniche di addestramento dolce ma molto efficaci soprattutto perch\u00e8 alla [&hellip;]\" \/>\n<meta property=\"og:url\" content=\"https:\/\/www.torrepali.info\/index.php\/2008\/09\/associazione-amici-del-cane-di-salve.html\" \/>\n<meta property=\"og:site_name\" content=\"Torre Pali Marina di Salve\" \/>\n<meta property=\"article:published_time\" content=\"2008-09-24T07:18:38+00:00\" \/>\n<meta property=\"article:modified_time\" content=\"2013-07-19T17:37:23+00:00\" \/>\n<meta property=\"og:image\" content=\"http:\/\/www.torrepali.info\/wp-content\/uploads\/2008\/09\/dsc_1121.thumbnail.jpg\" \/>\n<meta name=\"author\" content=\"annamaria\" \/>\n<meta name=\"twitter:card\" content=\"summary_large_image\" \/>\n<meta name=\"twitter:creator\" content=\"@rOTIBfGWSg\" \/>\n<meta name=\"twitter:label1\" content=\"Scritto da\" \/>\n\t<meta name=\"twitter:data1\" content=\"annamaria\" \/>\n\t<meta name=\"twitter:label2\" content=\"Tempo di lettura stimato\" \/>\n\t<meta name=\"twitter:data2\" content=\"1 minuto\" \/>\n<script type=\"application\/ld+json\" class=\"yoast-schema-graph\">{\"@context\":\"https:\/\/schema.org\",\"@graph\":[{\"@type\":\"Article\",\"@id\":\"https:\/\/www.torrepali.info\/index.php\/2008\/09\/associazione-amici-del-cane-di-salve.html#article\",\"isPartOf\":{\"@id\":\"https:\/\/www.torrepali.info\/index.php\/2008\/09\/associazione-amici-del-cane-di-salve.html\"},\"author\":{\"name\":\"annamaria\",\"@id\":\"https:\/\/www.torrepali.info\/#\/schema\/person\/2f8608c8411e136f23582a51bc4b1ea8\"},\"headline\":\"Associazione amici del cane di Salve\",\"datePublished\":\"2008-09-24T07:18:38+00:00\",\"dateModified\":\"2013-07-19T17:37:23+00:00\",\"mainEntityOfPage\":{\"@id\":\"https:\/\/www.torrepali.info\/index.php\/2008\/09\/associazione-amici-del-cane-di-salve.html\"},\"wordCount\":165,\"commentCount\":1,\"publisher\":{\"@id\":\"https:\/\/www.torrepali.info\/#organization\"},\"image\":{\"@id\":\"https:\/\/www.torrepali.info\/index.php\/2008\/09\/associazione-amici-del-cane-di-salve.html#primaryimage\"},\"thumbnailUrl\":\"http:\/\/www.torrepali.info\/wp-content\/uploads\/2008\/09\/dsc_1121.thumbnail.jpg\",\"keywords\":[\"Salve\",\"Torre Pali\"],\"articleSection\":[\"IL Salento\"],\"inLanguage\":\"it-IT\",\"potentialAction\":[{\"@type\":\"CommentAction\",\"name\":\"Comment\",\"target\":[\"https:\/\/www.torrepali.info\/index.php\/2008\/09\/associazione-amici-del-cane-di-salve.html#respond\"]}]},{\"@type\":\"WebPage\",\"@id\":\"https:\/\/www.torrepali.info\/index.php\/2008\/09\/associazione-amici-del-cane-di-salve.html\",\"url\":\"https:\/\/www.torrepali.info\/index.php\/2008\/09\/associazione-amici-del-cane-di-salve.html\",\"name\":\"Associazione amici del cane di Salve - Torre Pali Marina di Salve\",\"isPartOf\":{\"@id\":\"https:\/\/www.torrepali.info\/#website\"},\"primaryImageOfPage\":{\"@id\":\"https:\/\/www.torrepali.info\/index.php\/2008\/09\/associazione-amici-del-cane-di-salve.html#primaryimage\"},\"image\":{\"@id\":\"https:\/\/www.torrepali.info\/index.php\/2008\/09\/associazione-amici-del-cane-di-salve.html#primaryimage\"},\"thumbnailUrl\":\"http:\/\/www.torrepali.info\/wp-content\/uploads\/2008\/09\/dsc_1121.thumbnail.jpg\",\"datePublished\":\"2008-09-24T07:18:38+00:00\",\"dateModified\":\"2013-07-19T17:37:23+00:00\",\"breadcrumb\":{\"@id\":\"https:\/\/www.torrepali.info\/index.php\/2008\/09\/associazione-amici-del-cane-di-salve.html#breadcrumb\"},\"inLanguage\":\"it-IT\",\"potentialAction\":[{\"@type\":\"ReadAction\",\"target\":[\"https:\/\/www.torrepali.info\/index.php\/2008\/09\/associazione-amici-del-cane-di-salve.html\"]}]},{\"@type\":\"ImageObject\",\"inLanguage\":\"it-IT\",\"@id\":\"https:\/\/www.torrepali.info\/index.php\/2008\/09\/associazione-amici-del-cane-di-salve.html#primaryimage\",\"url\":\"http:\/\/www.torrepali.info\/wp-content\/uploads\/2008\/09\/dsc_1121.thumbnail.jpg\",\"contentUrl\":\"http:\/\/www.torrepali.info\/wp-content\/uploads\/2008\/09\/dsc_1121.thumbnail.jpg\"},{\"@type\":\"BreadcrumbList\",\"@id\":\"https:\/\/www.torrepali.info\/index.php\/2008\/09\/associazione-amici-del-cane-di-salve.html#breadcrumb\",\"itemListElement\":[{\"@type\":\"ListItem\",\"position\":1,\"name\":\"Home\",\"item\":\"https:\/\/www.torrepali.info\/\"},{\"@type\":\"ListItem\",\"position\":2,\"name\":\"Associazione amici del cane di Salve\"}]},{\"@type\":\"WebSite\",\"@id\":\"https:\/\/www.torrepali.info\/#website\",\"url\":\"https:\/\/www.torrepali.info\/\",\"name\":\"Torre Pali Marina di Salve\",\"description\":\"Informazioni turistiche su Torre Pali\",\"publisher\":{\"@id\":\"https:\/\/www.torrepali.info\/#organization\"},\"potentialAction\":[{\"@type\":\"SearchAction\",\"target\":{\"@type\":\"EntryPoint\",\"urlTemplate\":\"https:\/\/www.torrepali.info\/?s={search_term_string}\"},\"query-input\":{\"@type\":\"PropertyValueSpecification\",\"valueRequired\":true,\"valueName\":\"search_term_string\"}}],\"inLanguage\":\"it-IT\"},{\"@type\":\"Organization\",\"@id\":\"https:\/\/www.torrepali.info\/#organization\",\"name\":\"TorrePali.info\",\"url\":\"https:\/\/www.torrepali.info\/\",\"logo\":{\"@type\":\"ImageObject\",\"inLanguage\":\"it-IT\",\"@id\":\"https:\/\/www.torrepali.info\/#\/schema\/logo\/image\/\",\"url\":\"http:\/\/www.torrepali.info\/wp-content\/uploads\/2013\/07\/torre-pali-info-testata.jpg\",\"contentUrl\":\"http:\/\/www.torrepali.info\/wp-content\/uploads\/2013\/07\/torre-pali-info-testata.jpg\",\"width\":1000,\"height\":288,\"caption\":\"TorrePali.info\"},\"image\":{\"@id\":\"https:\/\/www.torrepali.info\/#\/schema\/logo\/image\/\"}},{\"@type\":\"Person\",\"@id\":\"https:\/\/www.torrepali.info\/#\/schema\/person\/2f8608c8411e136f23582a51bc4b1ea8\",\"name\":\"annamaria\",\"sameAs\":[\"https:\/\/x.com\/rOTIBfGWSg\"]}]}<\/script>\n<!-- \/ Yoast SEO plugin. -->","yoast_head_json":{"title":"Associazione amici del cane di Salve - Torre Pali Marina di Salve","robots":{"index":"index","follow":"follow","max-snippet":"max-snippet:-1","max-image-preview":"max-image-preview:large","max-video-preview":"max-video-preview:-1"},"canonical":"https:\/\/www.torrepali.info\/index.php\/2008\/09\/associazione-amici-del-cane-di-salve.html","og_locale":"it_IT","og_type":"article","og_title":"Associazione amici del cane di Salve - Torre Pali Marina di Salve","og_description":"Un&#8217;area recintata e ben protetta \u00e8 stata appena data in gestione da parte del Comune di Salve all&#8217;Associazione Amici del Cane di Salve. Da anni l&#8217;associazione, voluta e fondata da Fernando Andrioli, si adopera con amore, passione e professionalit\u00e0 alla cura e all&#8217;addestramento dei cani: tecniche di addestramento dolce ma molto efficaci soprattutto perch\u00e8 alla [&hellip;]","og_url":"https:\/\/www.torrepali.info\/index.php\/2008\/09\/associazione-amici-del-cane-di-salve.html","og_site_name":"Torre Pali Marina di Salve","article_published_time":"2008-09-24T07:18:38+00:00","article_modified_time":"2013-07-19T17:37:23+00:00","og_image":[{"url":"http:\/\/www.torrepali.info\/wp-content\/uploads\/2008\/09\/dsc_1121.thumbnail.jpg","type":"","width":"","height":""}],"author":"annamaria","twitter_card":"summary_large_image","twitter_creator":"@rOTIBfGWSg","twitter_misc":{"Scritto da":"annamaria","Tempo di lettura stimato":"1 minuto"},"schema":{"@context":"https:\/\/schema.org","@graph":[{"@type":"Article","@id":"https:\/\/www.torrepali.info\/index.php\/2008\/09\/associazione-amici-del-cane-di-salve.html#article","isPartOf":{"@id":"https:\/\/www.torrepali.info\/index.php\/2008\/09\/associazione-amici-del-cane-di-salve.html"},"author":{"name":"annamaria","@id":"https:\/\/www.torrepali.info\/#\/schema\/person\/2f8608c8411e136f23582a51bc4b1ea8"},"headline":"Associazione amici del cane di Salve","datePublished":"2008-09-24T07:18:38+00:00","dateModified":"2013-07-19T17:37:23+00:00","mainEntityOfPage":{"@id":"https:\/\/www.torrepali.info\/index.php\/2008\/09\/associazione-amici-del-cane-di-salve.html"},"wordCount":165,"commentCount":1,"publisher":{"@id":"https:\/\/www.torrepali.info\/#organization"},"image":{"@id":"https:\/\/www.torrepali.info\/index.php\/2008\/09\/associazione-amici-del-cane-di-salve.html#primaryimage"},"thumbnailUrl":"http:\/\/www.torrepali.info\/wp-content\/uploads\/2008\/09\/dsc_1121.thumbnail.jpg","keywords":["Salve","Torre Pali"],"articleSection":["IL Salento"],"inLanguage":"it-IT","potentialAction":[{"@type":"CommentAction","name":"Comment","target":["https:\/\/www.torrepali.info\/index.php\/2008\/09\/associazione-amici-del-cane-di-salve.html#respond"]}]},{"@type":"WebPage","@id":"https:\/\/www.torrepali.info\/index.php\/2008\/09\/associazione-amici-del-cane-di-salve.html","url":"https:\/\/www.torrepali.info\/index.php\/2008\/09\/associazione-amici-del-cane-di-salve.html","name":"Associazione amici del cane di Salve - Torre Pali Marina di Salve","isPartOf":{"@id":"https:\/\/www.torrepali.info\/#website"},"primaryImageOfPage":{"@id":"https:\/\/www.torrepali.info\/index.php\/2008\/09\/associazione-amici-del-cane-di-salve.html#primaryimage"},"image":{"@id":"https:\/\/www.torrepali.info\/index.php\/2008\/09\/associazione-amici-del-cane-di-salve.html#primaryimage"},"thumbnailUrl":"http:\/\/www.torrepali.info\/wp-content\/uploads\/2008\/09\/dsc_1121.thumbnail.jpg","datePublished":"2008-09-24T07:18:38+00:00","dateModified":"2013-07-19T17:37:23+00:00","breadcrumb":{"@id":"https:\/\/www.torrepali.info\/index.php\/2008\/09\/associazione-amici-del-cane-di-salve.html#breadcrumb"},"inLanguage":"it-IT","potentialAction":[{"@type":"ReadAction","target":["https:\/\/www.torrepali.info\/index.php\/2008\/09\/associazione-amici-del-cane-di-salve.html"]}]},{"@type":"ImageObject","inLanguage":"it-IT","@id":"https:\/\/www.torrepali.info\/index.php\/2008\/09\/associazione-amici-del-cane-di-salve.html#primaryimage","url":"http:\/\/www.torrepali.info\/wp-content\/uploads\/2008\/09\/dsc_1121.thumbnail.jpg","contentUrl":"http:\/\/www.torrepali.info\/wp-content\/uploads\/2008\/09\/dsc_1121.thumbnail.jpg"},{"@type":"BreadcrumbList","@id":"https:\/\/www.torrepali.info\/index.php\/2008\/09\/associazione-amici-del-cane-di-salve.html#breadcrumb","itemListElement":[{"@type":"ListItem","position":1,"name":"Home","item":"https:\/\/www.torrepali.info\/"},{"@type":"ListItem","position":2,"name":"Associazione amici del cane di Salve"}]},{"@type":"WebSite","@id":"https:\/\/www.torrepali.info\/#website","url":"https:\/\/www.torrepali.info\/","name":"Torre Pali Marina di Salve","description":"Informazioni turistiche su Torre Pali","publisher":{"@id":"https:\/\/www.torrepali.info\/#organization"},"potentialAction":[{"@type":"SearchAction","target":{"@type":"EntryPoint","urlTemplate":"https:\/\/www.torrepali.info\/?s={search_term_string}"},"query-input":{"@type":"PropertyValueSpecification","valueRequired":true,"valueName":"search_term_string"}}],"inLanguage":"it-IT"},{"@type":"Organization","@id":"https:\/\/www.torrepali.info\/#organization","name":"TorrePali.info","url":"https:\/\/www.torrepali.info\/","logo":{"@type":"ImageObject","inLanguage":"it-IT","@id":"https:\/\/www.torrepali.info\/#\/schema\/logo\/image\/","url":"http:\/\/www.torrepali.info\/wp-content\/uploads\/2013\/07\/torre-pali-info-testata.jpg","contentUrl":"http:\/\/www.torrepali.info\/wp-content\/uploads\/2013\/07\/torre-pali-info-testata.jpg","width":1000,"height":288,"caption":"TorrePali.info"},"image":{"@id":"https:\/\/www.torrepali.info\/#\/schema\/logo\/image\/"}},{"@type":"Person","@id":"https:\/\/www.torrepali.info\/#\/schema\/person\/2f8608c8411e136f23582a51bc4b1ea8","name":"annamaria","sameAs":["https:\/\/x.com\/rOTIBfGWSg"]}]}},"_links":{"self":[{"href":"https:\/\/www.torrepali.info\/index.php\/wp-json\/wp\/v2\/posts\/67","targetHints":{"allow":["GET"]}}],"collection":[{"href":"https:\/\/www.torrepali.info\/index.php\/wp-json\/wp\/v2\/posts"}],"about":[{"href":"https:\/\/www.torrepali.info\/index.php\/wp-json\/wp\/v2\/types\/post"}],"author":[{"embeddable":true,"href":"https:\/\/www.torrepali.info\/index.php\/wp-json\/wp\/v2\/users\/2"}],"replies":[{"embeddable":true,"href":"https:\/\/www.torrepali.info\/index.php\/wp-json\/wp\/v2\/comments?post=67"}],"version-history":[{"count":0,"href":"https:\/\/www.torrepali.info\/index.php\/wp-json\/wp\/v2\/posts\/67\/revisions"}],"wp:attachment":[{"href":"https:\/\/www.torrepali.info\/index.php\/wp-json\/wp\/v2\/media?parent=67"}],"wp:term":[{"taxonomy":"category","embeddable":true,"href":"https:\/\/www.torrepali.info\/index.php\/wp-json\/wp\/v2\/categories?post=67"},{"taxonomy":"post_tag","embeddable":true,"href":"https:\/\/www.torrepali.info\/index.php\/wp-json\/wp\/v2\/tags?post=67"}],"curies":[{"name":"wp","href":"https:\/\/api.w.org\/{rel}","templated":true}]}}